{"id":9752,"date":"2025-03-27T18:01:42","date_gmt":"2025-03-27T21:01:42","guid":{"rendered":"https:\/\/sgpsolucoes.com.br\/site\/?p=9752"},"modified":"2025-03-27T18:01:43","modified_gmt":"2025-03-27T21:01:43","slug":"maioria-no-stf-decide-que-multa-por-crime-ambiental-e-imprescritivel","status":"publish","type":"post","link":"https:\/\/sgpsolucoes.com.br\/site\/maioria-no-stf-decide-que-multa-por-crime-ambiental-e-imprescritivel\/","title":{"rendered":"Maioria no STF decide que multa por crime ambiental \u00e9 imprescrit\u00edvel"},"content":{"rendered":"<p><em>Tribunal acolheu teses da AGU e do MPF contra incid\u00eancia de prescri\u00e7\u00e3o intercorrente na execu\u00e7\u00e3o de repara\u00e7\u00e3o de dano ambiental<\/em><\/p><p>A Advocacia-Geral da Uni\u00e3o (AGU) e o Minist\u00e9rio P\u00fablico Federal (MPF) obtiveram maioria no julgamento do Recurso Extraordin\u00e1rio com Agravo n.\u00ba 1.352.872, em que se discute a imprescritibilidade da repara\u00e7\u00e3o do dano ambiental, mesmo convertida em perdas e danos, em fase executiva. O caso, que tem repercuss\u00e3o geral reconhecida sob o Tema 1.194, est\u00e1 sendo examinado no plen\u00e1rio virtual do Supremo Tribunal Federal (STF) que termina nesta sexta-feira (28\/3).<\/p><p>O ju\u00edzo de primeiro grau reconheceu, em favor do condenado, a prescri\u00e7\u00e3o da pretens\u00e3o execut\u00f3ria, ou seja, a perda do direito de executar uma obriga\u00e7\u00e3o pelo decurso do prazo de cinco anos, sob o argumento de que, ao ser convertida em perdas e danos, a obriga\u00e7\u00e3o de recupera\u00e7\u00e3o integral de uma \u00e1rea de preserva\u00e7\u00e3o degradada, localizada no munic\u00edpio de Balne\u00e1rio Barra do Sul, no estado de Santa Catarina, se transformou em d\u00edvida pecuni\u00e1ria sujeita \u00e0 prescri\u00e7\u00e3o intercorrente. A posi\u00e7\u00e3o foi mantida em ac\u00f3rd\u00e3o do Tribunal Regional Federal da 4\u00aa Regi\u00e3o.<\/p><p><strong>Recurso no STF<\/strong><\/p><p>O Minist\u00e9rio P\u00fablico Federal (MPF) recorreu ao STF, sustentando que a d\u00edvida n\u00e3o estaria prescrita, devendo o r\u00e9u arcar com os custos gerados pelo dano ambiental. No caso, a parte recorrida foi condenada a retirar muro e aterro edificados em \u00e1rea de preserva\u00e7\u00e3o ambiental, embora n\u00e3o o tenha feito alegando n\u00e3o possuir condi\u00e7\u00f5es financeiras para tal. O MPF foi intimado a dar cumprimento \u00e0 obriga\u00e7\u00e3o \u00e0s expensas do devedor, o que foi feito, parcialmente, pelo munic\u00edpio. Consequentemente, foi gerada a presta\u00e7\u00e3o pecuni\u00e1ria para que o respons\u00e1vel pelo dano restitu\u00edsse o er\u00e1rio pelo servi\u00e7o.<\/p><p>Pediu, assim, a reforma do ac\u00f3rd\u00e3o, uma vez que a convers\u00e3o da repara\u00e7\u00e3o ambiental em indeniza\u00e7\u00e3o n\u00e3o retira a natureza indispon\u00edvel e coletiva do meio ambiente, enquadrando-se na regra da imprescritibilidade, conforme entendimento do STF no Tema 999.<\/p><p><strong>Amicus Curiae<\/strong><\/p><p>A Uni\u00e3o ingressou no feito como \u201c<em>amicus curiae\u201d<\/em>, que \u00e9 quando um \u00f3rg\u00e3o ou uma entidade colabora com o tribunal, fornecendo informa\u00e7\u00f5es e subs\u00eddios para o julgamento, sem necessariamente ser parte do processo.<\/p><p>Com base na jurisprud\u00eancia do pr\u00f3prio STF, a AGU defendeu que, embora seja regra a estipula\u00e7\u00e3o de prazo prescricional para as pretens\u00f5es ressarcit\u00f3rias, a tutela constitucional do meio ambiente imp\u00f5e o reconhecimento da imprescritibilidade da pretens\u00e3o de repara\u00e7\u00e3o dos danos civis ambientais.<\/p><p>\u201cO reconhecimento da incid\u00eancia da prescri\u00e7\u00e3o em tais casos significaria impor \u00e0s gera\u00e7\u00f5es futuras o \u00f4nus de arcar com as consequ\u00eancias de danos ambientais pret\u00e9ritos. Assim, temos que a imposi\u00e7\u00e3o de prazos prescricionais em favor do interesse individual, nessa hip\u00f3tese, est\u00e1 em desacordo com a pr\u00f3pria natureza do bem jur\u00eddico tutelado\u201d, destacou a AGU em trecho de memorial enviado \u00e0 Corte.<\/p><p>A Advocacia-Geral da Uni\u00e3o alertou, ainda, que \u201creconhecer a prescritibilidade, nesse caso, significar\u00e1 que qualquer pessoa que causar dano ambiental poder\u00e1 se manter inerte at\u00e9 que seja declarada a extin\u00e7\u00e3o da obriga\u00e7\u00e3o pela prescri\u00e7\u00e3o\u201d.<\/p><p><strong>Relev\u00e2ncia do tema<\/strong><\/p><p>Ao solicitar ingresso no feito, a Uni\u00e3o demonstrou que o entendimento a ser firmado pelo STF \u00e9 de suma relev\u00e2ncia, haja vista que, conforme relat\u00f3rio apresentado pela Procuradoria-Geral da Uni\u00e3o (PGU), em 2022, o ente federal e suas autarquias figuravam como parte demandante em quase 13 mil processos relacionados \u00e0 tem\u00e1tica em discuss\u00e3o.&nbsp; O somat\u00f3rio equivale a um impacto financeiro superior a R$ 1 trilh\u00e3o, sendo que mais de 1.500 desses casos j\u00e1 se encontravam na fase executiva.<\/p><p>A tem\u00e1tica permanece em evid\u00eancia tamb\u00e9m em outro recorte. No per\u00edodo de janeiro de 2021 e 16 de mar\u00e7o de 2025, a Uni\u00e3o figura no polo ativo em 166 processos atinentes \u00e0 tem\u00e1tica ambiental, que equivalem ao impacto financeiro de aproximadamente R$ 1,3 bilh\u00e3o. Desse montante, h\u00e1 26 a\u00e7\u00f5es referentes especificamente a crimes em mat\u00e9ria ambiental, que totalizam um montante superior a R$ 833 milh\u00f5es.<\/p><p><strong>O julgamento<\/strong><\/p><p>O relator do caso, Ministro Cristiano Zanin, concordou com as teses da AGU e do MPF, proferindo voto pelo provimento ao recurso e reformando o ac\u00f3rd\u00e3o do TRF4. Em seu voto, ressaltou que \u201ca responsabilidade civil ambiental e a imprescindibilidade da repara\u00e7\u00e3o do dano ambiental est\u00e3o fundamentadas na Constitui\u00e7\u00e3o da Rep\u00fablica, que dedica todo um cap\u00edtulo para tratar sobre a prote\u00e7\u00e3o ao meio ambiente\u201d, o artigo 225.<\/p><p>&nbsp;Zanin refor\u00e7ou que, recentemente, ao julgar o Tema 1.268, o STF decidiu que a pretens\u00e3o de ressarcimento que tem ineg\u00e1vel e indissoci\u00e1vel rela\u00e7\u00e3o com danos causados ao meio ambiente atrai o regime de imprescritibilidade.<\/p><p>\u201cO fato de o caso estar em fase de execu\u00e7\u00e3o ou de a obriga\u00e7\u00e3o de reparar o dano ter sido convertida em perdas e danos n\u00e3o mudam o car\u00e1ter transindividual, transgeracional e indispon\u00edvel do direito fundamental protegido, que fundamenta a imprescritibilidade\u201d, afirmou o ministro.<\/p><p>&nbsp;Ao final do voto, Cristiano Zanin prop\u00f4s a seguinte tese de julgamento para o tema 1.194: \u201c\u00c9 imprescrit\u00edvel a pretens\u00e3o execut\u00f3ria e inaplic\u00e1vel a prescri\u00e7\u00e3o intercorrente na execu\u00e7\u00e3o de repara\u00e7\u00e3o de dano ambiental, ainda que posteriormente convertida em indeniza\u00e7\u00e3o por perdas e danos\u201d.<\/p><p><strong>Fonte: Assessoria Especial de Comunica\u00e7\u00e3o Social da AGU<\/strong><\/p>\n    <div class=\"xs_social_share_widget xs_share_url after_content \t\tmain_content  wslu-style-1 wslu-share-box-shaped wslu-fill-colored wslu-none wslu-share-horizontal wslu-theme-font-no wslu-main_content\">\n\n\t\t\n        <ul>\n\t\t\t        <\/ul>\n    <\/div> \n","protected":false},"excerpt":{"rendered":"<p>A Advocacia-Geral da Uni\u00e3o (AGU) e o Minist\u00e9rio P\u00fablico Federal (MPF) obtiveram maioria no julgamento do Recurso Extraordin\u00e1rio com Agravo n.\u00ba 1.352.872, em que se discute a imprescritibilidade da repara\u00e7\u00e3o do dano ambiental, mesmo convertida em perdas e danos, em fase executiva. O caso, que tem repercuss\u00e3o geral reconhecida sob o Tema 1.194, est\u00e1 sendo examinado no plen\u00e1rio virtual do Supremo Tribunal Federal (STF) que termina nesta sexta-feira (28\/3).<\/p>\n","protected":false},"author":5,"featured_media":0,"comment_status":"open","ping_status":"open","sticky":false,"template":"","format":"standard","meta":{"postBodyCss":"","postBodyMargin":[],"postBodyPadding":[],"postBodyBackground":{"backgroundType":"classic","gradient":""},"_price":"","_stock":"","_tribe_ticket_header":"","_tribe_default_ticket_provider":"","_tribe_ticket_capacity":"0","_ticket_start_date":"","_ticket_end_date":"","_tribe_ticket_show_description":"","_tribe_ticket_show_not_going":false,"_tribe_ticket_use_global_stock":"","_tribe_ticket_global_stock_level":"","_global_stock_mode":"","_global_stock_cap":"","_tribe_rsvp_for_event":"","_tribe_ticket_going_count":"","_tribe_ticket_not_going_count":"","_tribe_tickets_list":"[]","_tribe_ticket_has_attendee_info_fields":false,"footnotes":""},"categories":[46],"tags":[1408,79,4365,7810,7808,7811,7812,7807,4993,4992,291,7813,2008,5565,7809,7814,347],"class_list":["post-9752","post","type-post","status-publish","format-standard","hentry","category-noticias","tag-advocacia-geral-da-uniao","tag-agu","tag-crime-ambiental","tag-dano-ambiental","tag-execucao-de-reparacao-de-dano-ambiental","tag-fase-executiva","tag-imprescritibilidade","tag-imprescritivel","tag-ministerio-publico-federal","tag-mpf","tag-multa","tag-perdas-e-danos","tag-prescricao-intercorrente","tag-reparacao","tag-reparacao-de-dano-ambiental","tag-reparacao-do-dano-ambiental","tag-stf"],"acf":[],"_links":{"self":[{"href":"https:\/\/sgpsolucoes.com.br\/site\/wp-json\/wp\/v2\/posts\/9752"}],"collection":[{"href":"https:\/\/sgpsolucoes.com.br\/site\/wp-json\/wp\/v2\/posts"}],"about":[{"href":"https:\/\/sgpsolucoes.com.br\/site\/wp-json\/wp\/v2\/types\/post"}],"author":[{"embeddable":true,"href":"https:\/\/sgpsolucoes.com.br\/site\/wp-json\/wp\/v2\/users\/5"}],"replies":[{"embeddable":true,"href":"https:\/\/sgpsolucoes.com.br\/site\/wp-json\/wp\/v2\/comments?post=9752"}],"version-history":[{"count":0,"href":"https:\/\/sgpsolucoes.com.br\/site\/wp-json\/wp\/v2\/posts\/9752\/revisions"}],"wp:attachment":[{"href":"https:\/\/sgpsolucoes.com.br\/site\/wp-json\/wp\/v2\/media?parent=9752"}],"wp:term":[{"taxonomy":"category","embeddable":true,"href":"https:\/\/sgpsolucoes.com.br\/site\/wp-json\/wp\/v2\/categories?post=9752"},{"taxonomy":"post_tag","embeddable":true,"href":"https:\/\/sgpsolucoes.com.br\/site\/wp-json\/wp\/v2\/tags?post=9752"}],"curies":[{"name":"wp","href":"https:\/\/api.w.org\/{rel}","templated":true}]}}