{"id":9760,"date":"2025-03-27T18:14:42","date_gmt":"2025-03-27T21:14:42","guid":{"rendered":"https:\/\/sgpsolucoes.com.br\/site\/?p=9760"},"modified":"2025-03-27T18:14:44","modified_gmt":"2025-03-27T21:14:44","slug":"trf1-assegura-pensao-por-morte-a-filha-maior-de-idade-com-esquizofrenia","status":"publish","type":"post","link":"https:\/\/sgpsolucoes.com.br\/site\/trf1-assegura-pensao-por-morte-a-filha-maior-de-idade-com-esquizofrenia\/","title":{"rendered":"TRF1 assegura pens\u00e3o por morte a filha maior de idade com esquizofrenia"},"content":{"rendered":"<p>A 9\u00aa Turma do Tribunal Regional Federal da 1\u00aa Regi\u00e3o (TRF1) manteve senten\u00e7a que garantiu o direito ao benef\u00edcio de pens\u00e3o por morte \u00e0 filha maior de idade e inv\u00e1lida de segurada falecida. A decis\u00e3o foi proferida no julgamento de apela\u00e7\u00e3o interposta pelo Instituto Nacional do Seguro Social (INSS), que buscava reverter a concess\u00e3o do benef\u00edcio.&nbsp;<\/p><p>O INSS sustentou que a per\u00edcia m\u00e9dica n\u00e3o teria comprovado a exist\u00eancia de invalidez da autora antes do falecimento da instituidora da pens\u00e3o. No entanto, ao analisar o caso, a relatora, desembargadora federal Rosimayre Gon\u00e7alves de Carvalho, destacou que os laudos periciais produzidos em ju\u00edzo atestaram que a autora \u00e9 portadora de retardo mental do tipo esquizofr\u00eanico (CID-10: F70) desde a inf\u00e2ncia.&nbsp;<\/p><p>Segundo a magistrada, a condi\u00e7\u00e3o compromete a capacidade laborativa da requerente e demanda cuidados cont\u00ednuos de terceiros, caracterizando sua invalidez e, consequentemente, sua depend\u00eancia econ\u00f4mica em rela\u00e7\u00e3o \u00e0 m\u00e3e, o que legitima a concess\u00e3o do benef\u00edcio.&nbsp;<\/p><p>A relatora tamb\u00e9m ressaltou que a qualidade de segurada da instituidora restou comprovada nos autos por meio do hist\u00f3rico de cr\u00e9ditos, que registra o recebimento de aposentadoria por invalidez previdenci\u00e1ria desde 1\u00ba de dezembro de 1989.&nbsp; Dessa forma, uma vez verificada a condi\u00e7\u00e3o de segurada da falecida e a depend\u00eancia econ\u00f4mica presumida da filha inv\u00e1lida, a 9\u00aa Turma concluiu pelo preenchimento dos requisitos legais para a concess\u00e3o da pens\u00e3o por morte.&nbsp;<\/p><p>Processo: 1029776-23.2024.4.01.0000&nbsp;<\/p><p>Data da decis\u00e3o: 19\/02\/2025&nbsp;<\/p><p><strong>Fonte: Tribunal Regional Federal da 1\u00aa Regi\u00e3o\u00a0<\/strong><\/p>\n    <div class=\"xs_social_share_widget xs_share_url after_content \t\tmain_content  wslu-style-1 wslu-share-box-shaped wslu-fill-colored wslu-none wslu-share-horizontal wslu-theme-font-no wslu-main_content\">\n\n\t\t\n        <ul>\n\t\t\t        <\/ul>\n    <\/div> \n","protected":false},"excerpt":{"rendered":"<p>A 9\u00aa Turma do Tribunal Regional Federal da 1\u00aa Regi\u00e3o (TRF1) manteve senten\u00e7a que garantiu o direito ao benef\u00edcio de pens\u00e3o por morte \u00e0 filha maior de idade e inv\u00e1lida de segurada falecida. A decis\u00e3o foi proferida no julgamento de apela\u00e7\u00e3o interposta pelo Instituto Nacional do Seguro Social (INSS), que buscava reverter a concess\u00e3o do benef\u00edcio.\u00a0<\/p>\n","protected":false},"author":5,"featured_media":0,"comment_status":"open","ping_status":"open","sticky":false,"template":"","format":"standard","meta":{"postBodyCss":"","postBodyMargin":[],"postBodyPadding":[],"postBodyBackground":{"backgroundType":"classic","gradient":""},"_price":"","_stock":"","_tribe_ticket_header":"","_tribe_default_ticket_provider":"","_tribe_ticket_capacity":"0","_ticket_start_date":"","_ticket_end_date":"","_tribe_ticket_show_description":"","_tribe_ticket_show_not_going":false,"_tribe_ticket_use_global_stock":"","_tribe_ticket_global_stock_level":"","_global_stock_mode":"","_global_stock_cap":"","_tribe_rsvp_for_event":"","_tribe_ticket_going_count":"","_tribe_ticket_not_going_count":"","_tribe_tickets_list":"[]","_tribe_ticket_has_attendee_info_fields":false,"footnotes":""},"categories":[46],"tags":[2979,7816,7822,7817,2654,2784,7820,703,7818,3971,3970,2653,7821,7819,3463,3462],"class_list":["post-9760","post","type-post","status-publish","format-standard","hentry","category-noticias","tag-beneficio","tag-esquizofrenia","tag-falecimento","tag-filha-maior-de-idade","tag-inss","tag-instituto-nacional-do-seguro-social","tag-invalida-2","tag-invalidez","tag-maior-de-idade","tag-morte","tag-pensao","tag-pensao-por-morte","tag-pericia-medica","tag-segurada-falecida","tag-trf1","tag-tribunal-regional-federal-da-1a-regiao"],"acf":[],"_links":{"self":[{"href":"https:\/\/sgpsolucoes.com.br\/site\/wp-json\/wp\/v2\/posts\/9760"}],"collection":[{"href":"https:\/\/sgpsolucoes.com.br\/site\/wp-json\/wp\/v2\/posts"}],"about":[{"href":"https:\/\/sgpsolucoes.com.br\/site\/wp-json\/wp\/v2\/types\/post"}],"author":[{"embeddable":true,"href":"https:\/\/sgpsolucoes.com.br\/site\/wp-json\/wp\/v2\/users\/5"}],"replies":[{"embeddable":true,"href":"https:\/\/sgpsolucoes.com.br\/site\/wp-json\/wp\/v2\/comments?post=9760"}],"version-history":[{"count":0,"href":"https:\/\/sgpsolucoes.com.br\/site\/wp-json\/wp\/v2\/posts\/9760\/revisions"}],"wp:attachment":[{"href":"https:\/\/sgpsolucoes.com.br\/site\/wp-json\/wp\/v2\/media?parent=9760"}],"wp:term":[{"taxonomy":"category","embeddable":true,"href":"https:\/\/sgpsolucoes.com.br\/site\/wp-json\/wp\/v2\/categories?post=9760"},{"taxonomy":"post_tag","embeddable":true,"href":"https:\/\/sgpsolucoes.com.br\/site\/wp-json\/wp\/v2\/tags?post=9760"}],"curies":[{"name":"wp","href":"https:\/\/api.w.org\/{rel}","templated":true}]}}