{"id":9763,"date":"2025-03-27T18:21:49","date_gmt":"2025-03-27T21:21:49","guid":{"rendered":"https:\/\/sgpsolucoes.com.br\/site\/?p=9763"},"modified":"2025-03-27T18:21:50","modified_gmt":"2025-03-27T21:21:50","slug":"mulheres-com-parkinson-e-cancer-de-pancreas-garantem-na-jfpr-isencao-de-ir-nas-aposentadorias","status":"publish","type":"post","link":"https:\/\/sgpsolucoes.com.br\/site\/mulheres-com-parkinson-e-cancer-de-pancreas-garantem-na-jfpr-isencao-de-ir-nas-aposentadorias\/","title":{"rendered":"Mulheres com Parkinson e c\u00e2ncer de p\u00e2ncreas garantem na JFPR isen\u00e7\u00e3o de IR nas aposentadorias"},"content":{"rendered":"<p>A Justi\u00e7a Federal do Paran\u00e1 (JFPR) acolheu os pedidos de duas mulheres aposentadas e que vivem com doen\u00e7as graves a terem o direito \u00e0 isen\u00e7\u00e3o do imposto de renda sobre seus proventos. As decis\u00f5es s\u00e3o da 19.\u00aa Vara Federal de Curitiba e da 5.\u00aa Vara Federal de Maring\u00e1.<\/p><p>Uma moradora de S\u00e3o Mateus do Sul,&nbsp;a 150 km de Curitiba, de 77 anos, foi diagnosticada com doen\u00e7a de Parkinson em 22 de julho de 2022. A contar a partir desta data, o juiz federal Andr\u00e9 Lu\u00eds Medeiros Jung, da 19.\u00aa Vara Federal de Curitiba reconheceu o direito \u00e0 isen\u00e7\u00e3o do imposto sobre os valores de aposentadoria pagos pelo Instituto Nacional de Seguro Social (INSS) e pela Petros.<\/p><p>O magistrado tamb\u00e9m condenou a Uni\u00e3o a restituir os valores indevidamente recolhidos desde 22 de julho de 2022, \u201cressalvada a prescri\u00e7\u00e3o quinquenal (a contar do ajuizamento da presente demanda), que devem ser corrigidos exclusivamente pela taxa SELIC at\u00e9 a data da confec\u00e7\u00e3o da requisi\u00e7\u00e3o de pagamento, descontando-se eventuais valores j\u00e1 pagos na via administrativa, seja por meio da declara\u00e7\u00e3o de ajuste anual, nos termos da fundamenta\u00e7\u00e3o\u201d.<\/p><p>Outra aposentada, uma mulher de 76 anos, moradora de Paranava\u00ed, protocolou requerimento administrativo em maio de 2024. No entanto, em raz\u00e3o de seu fr\u00e1gil estado de sa\u00fade, decidiu buscar o benef\u00edcio pela via judicial, na tentativa de acelerar o processo.<\/p><p>A autora da a\u00e7\u00e3o recebeu aposentadoria por idade desde fevereiro de 2016 e foi diagnosticada com c\u00e2ncer de p\u00e2ncreas em novembro de 2023. O juiz federal Anderson Furlan Freire da Silva, da 5.\u00aa Vara Federal de Maring\u00e1, condenou a Uni\u00e3o a restituir os valores retidos a t\u00edtulo de imposto de renda sobre os comprovados da aposentadoria a partir da data do diagn\u00f3stico.<br>&nbsp;<br>Foi concedida tutela de urg\u00eancia para suspender os descontos de imposto de renda logo no in\u00edcio da a\u00e7\u00e3o, vindo a aposentada a morrer tr\u00eas meses ap\u00f3s o ajuizamento, antes da divulga\u00e7\u00e3o da senten\u00e7a favor\u00e1vel a ela. Uma sucessora foi habilitada para assumir como substituta processual e todos os direitos foram est\u00e3o garantidos.<\/p><p><strong>Fonte: TRF4<\/strong><\/p>\n    <div class=\"xs_social_share_widget xs_share_url after_content \t\tmain_content  wslu-style-1 wslu-share-box-shaped wslu-fill-colored wslu-none wslu-share-horizontal wslu-theme-font-no wslu-main_content\">\n\n\t\t\n        <ul>\n\t\t\t        <\/ul>\n    <\/div> \n","protected":false},"excerpt":{"rendered":"<p>A Justi\u00e7a Federal do Paran\u00e1 (JFPR) acolheu os pedidos de duas mulheres aposentadas e que vivem com doen\u00e7as graves a terem o direito \u00e0 isen\u00e7\u00e3o do imposto de renda sobre seus proventos. As decis\u00f5es s\u00e3o da 19.\u00aa Vara Federal de Curitiba e da 5.\u00aa Vara Federal de Maring\u00e1.<\/p>\n","protected":false},"author":5,"featured_media":0,"comment_status":"open","ping_status":"open","sticky":false,"template":"","format":"standard","meta":{"postBodyCss":"","postBodyMargin":[],"postBodyPadding":[],"postBodyBackground":{"backgroundType":"classic","gradient":""},"_price":"","_stock":"","_tribe_ticket_header":"","_tribe_default_ticket_provider":"","_tribe_ticket_capacity":"0","_ticket_start_date":"","_ticket_end_date":"","_tribe_ticket_show_description":"","_tribe_ticket_show_not_going":false,"_tribe_ticket_use_global_stock":"","_tribe_ticket_global_stock_level":"","_global_stock_mode":"","_global_stock_cap":"","_tribe_rsvp_for_event":"","_tribe_ticket_going_count":"","_tribe_ticket_not_going_count":"","_tribe_tickets_list":"[]","_tribe_ticket_has_attendee_info_fields":false,"footnotes":""},"categories":[46],"tags":[2980,7825,7827,6225,7828,551,7823,7826,5079,4289,2435,7824,3338,847],"class_list":["post-9763","post","type-post","status-publish","format-standard","hentry","category-noticias","tag-aposentadorias","tag-cancer-de-pancreas","tag-doencas-graves","tag-imposto-de-renda","tag-ir","tag-isencao","tag-isencao-de-ir","tag-isencao-do-imposto-de-renda","tag-jfpr","tag-justica-federal-do-parana","tag-mulheres","tag-mulheres-aposentadas","tag-parkinson","tag-proventos"],"acf":[],"_links":{"self":[{"href":"https:\/\/sgpsolucoes.com.br\/site\/wp-json\/wp\/v2\/posts\/9763"}],"collection":[{"href":"https:\/\/sgpsolucoes.com.br\/site\/wp-json\/wp\/v2\/posts"}],"about":[{"href":"https:\/\/sgpsolucoes.com.br\/site\/wp-json\/wp\/v2\/types\/post"}],"author":[{"embeddable":true,"href":"https:\/\/sgpsolucoes.com.br\/site\/wp-json\/wp\/v2\/users\/5"}],"replies":[{"embeddable":true,"href":"https:\/\/sgpsolucoes.com.br\/site\/wp-json\/wp\/v2\/comments?post=9763"}],"version-history":[{"count":0,"href":"https:\/\/sgpsolucoes.com.br\/site\/wp-json\/wp\/v2\/posts\/9763\/revisions"}],"wp:attachment":[{"href":"https:\/\/sgpsolucoes.com.br\/site\/wp-json\/wp\/v2\/media?parent=9763"}],"wp:term":[{"taxonomy":"category","embeddable":true,"href":"https:\/\/sgpsolucoes.com.br\/site\/wp-json\/wp\/v2\/categories?post=9763"},{"taxonomy":"post_tag","embeddable":true,"href":"https:\/\/sgpsolucoes.com.br\/site\/wp-json\/wp\/v2\/tags?post=9763"}],"curies":[{"name":"wp","href":"https:\/\/api.w.org\/{rel}","templated":true}]}}