{"id":9769,"date":"2025-03-27T18:28:54","date_gmt":"2025-03-27T21:28:54","guid":{"rendered":"https:\/\/sgpsolucoes.com.br\/site\/?p=9769"},"modified":"2025-03-27T18:28:56","modified_gmt":"2025-03-27T21:28:56","slug":"vitima-de-furto-em-estacao-da-trensurb-tem-direito-a-indenizacao","status":"publish","type":"post","link":"https:\/\/sgpsolucoes.com.br\/site\/vitima-de-furto-em-estacao-da-trensurb-tem-direito-a-indenizacao\/","title":{"rendered":"V\u00edtima de furto em esta\u00e7\u00e3o da Trensurb tem direito a indeniza\u00e7\u00e3o"},"content":{"rendered":"<p>A Empresa de Trens Urbanos de Porto Alegre (Trensurb) foi condenada a pagar indeniza\u00e7\u00e3o a um usu\u00e1rio do sistema de transporte por furto de bicicleta ocorrido em uma esta\u00e7\u00e3o. O processo foi julgado pela ju\u00edza Paula Beck Bohn, na 2\u00aa Vara Federal da capital, e teve a senten\u00e7a publicada no dia 24\/03.<\/p><p>O autor relatou que deixou sua bicicleta estacionada no biciclet\u00e1rio da esta\u00e7\u00e3o Santo Afonso, em Novo Hamburgo (RS), na manh\u00e3 do dia 18\/03\/2024. Informa que, no local, havia uma estrutura pr\u00f3pria, oferecida aos usu\u00e1rios, e que usou um cadeado de seguran\u00e7a para fixar a bicicleta, conforme orienta\u00e7\u00e3o de avisos nas instala\u00e7\u00f5es. Ao retornar, deparou-se com a aus\u00eancia do ve\u00edculo no local.<\/p><p>A r\u00e9, em contesta\u00e7\u00e3o, alegou que o fato foi causado por terceiros, n\u00e3o havendo nexo de causalidade entre a presta\u00e7\u00e3o do servi\u00e7o e o dano ocorrido.<\/p><p>Foram juntadas fotos do local, boletim de ocorr\u00eancia policial, nota fiscal do bem e extrato de utiliza\u00e7\u00e3o do cart\u00e3o de transporte, com o registro de utiliza\u00e7\u00e3o do transporte p\u00fablico naquela data.<\/p><p>A magistrada entendeu que a responsabilidade objetiva se aplica \u00e0 Trensurb por ser uma empresa p\u00fablica, prestadora de servi\u00e7os p\u00fablicos, conforme disposi\u00e7\u00f5es constitucionais acerca do tema.&nbsp;<\/p><p>\u201cO biciclet\u00e1rio \u00e9 facilidade disponibilizada ao consumidor para que utilize o servi\u00e7o de transporte de trem, a fim que de possa se deslocar de bicicleta at\u00e9 a esta\u00e7\u00e3o e de l\u00e1 tomar o transporte coletivo. A exist\u00eancia do biciclet\u00e1rio \u00e9 um incentivo para que a pessoa escolha e opte pelo uso do transporte coletivo, podendo guardar a bicicleta na esta\u00e7\u00e3o. A Trensurb aceita ficar com a guarda tempor\u00e1ria do bem, reservando local f\u00edsico adequado para tal.\u201d<\/p><p>Nesse sentido, restou demonstrada falha no servi\u00e7o de seguran\u00e7a, n\u00e3o se aplicando ao caso a excludente de ilicitude por for\u00e7a maior. Devido \u00e0s caracter\u00edsticas do local, que conta com grande circula\u00e7\u00e3o de pessoas, a ocorr\u00eancia de furto seria previs\u00edvel, compondo risco inerente \u00e0 atividade, segundo a ju\u00edza.<\/p><p>A Trensurb foi condenada ao pagamento de danos materiais, no valor do bem (R$1.318,00), e de danos morais, com indeniza\u00e7\u00e3o de R$5 mil.<\/p><p>Cabe recurso \u00e0s Turmas Recursais.&nbsp;<\/p><p><strong>Fonte: TRF4<\/strong><\/p>\n    <div class=\"xs_social_share_widget xs_share_url after_content \t\tmain_content  wslu-style-1 wslu-share-box-shaped wslu-fill-colored wslu-none wslu-share-horizontal wslu-theme-font-no wslu-main_content\">\n\n\t\t\n        <ul>\n\t\t\t        <\/ul>\n    <\/div> \n","protected":false},"excerpt":{"rendered":"<p>A Empresa de Trens Urbanos de Porto Alegre (Trensurb) foi condenada a pagar indeniza\u00e7\u00e3o a um usu\u00e1rio do sistema de transporte por furto de bicicleta ocorrido em uma esta\u00e7\u00e3o. O processo foi julgado pela ju\u00edza Paula Beck Bohn, na 2\u00aa Vara Federal da capital, e teve a senten\u00e7a publicada no dia 24\/03.<\/p>\n","protected":false},"author":5,"featured_media":0,"comment_status":"open","ping_status":"open","sticky":false,"template":"","format":"standard","meta":{"postBodyCss":"","postBodyMargin":[],"postBodyPadding":[],"postBodyBackground":{"backgroundType":"classic","gradient":""},"_price":"","_stock":"","_tribe_ticket_header":"","_tribe_default_ticket_provider":"","_tribe_ticket_capacity":"0","_ticket_start_date":"","_ticket_end_date":"","_tribe_ticket_show_description":"","_tribe_ticket_show_not_going":false,"_tribe_ticket_use_global_stock":"","_tribe_ticket_global_stock_level":"","_global_stock_mode":"","_global_stock_cap":"","_tribe_rsvp_for_event":"","_tribe_ticket_going_count":"","_tribe_ticket_not_going_count":"","_tribe_tickets_list":"[]","_tribe_ticket_has_attendee_info_fields":false,"footnotes":""},"categories":[46],"tags":[7842,7834,7835,7840,7837,202,7841,200,7839,7836,7838,3353],"class_list":["post-9769","post","type-post","status-publish","format-standard","hentry","category-noticias","tag-bicicleta","tag-direito-a-indenizacao","tag-empresa-de-trens-urbanos-de-porto-alegre","tag-estacao","tag-estacao-da-trensurb","tag-furto","tag-furto-de-bicicleta","tag-indenizacao","tag-sistema-de-transporte","tag-trensurb","tag-usuario","tag-vitima"],"acf":[],"_links":{"self":[{"href":"https:\/\/sgpsolucoes.com.br\/site\/wp-json\/wp\/v2\/posts\/9769"}],"collection":[{"href":"https:\/\/sgpsolucoes.com.br\/site\/wp-json\/wp\/v2\/posts"}],"about":[{"href":"https:\/\/sgpsolucoes.com.br\/site\/wp-json\/wp\/v2\/types\/post"}],"author":[{"embeddable":true,"href":"https:\/\/sgpsolucoes.com.br\/site\/wp-json\/wp\/v2\/users\/5"}],"replies":[{"embeddable":true,"href":"https:\/\/sgpsolucoes.com.br\/site\/wp-json\/wp\/v2\/comments?post=9769"}],"version-history":[{"count":0,"href":"https:\/\/sgpsolucoes.com.br\/site\/wp-json\/wp\/v2\/posts\/9769\/revisions"}],"wp:attachment":[{"href":"https:\/\/sgpsolucoes.com.br\/site\/wp-json\/wp\/v2\/media?parent=9769"}],"wp:term":[{"taxonomy":"category","embeddable":true,"href":"https:\/\/sgpsolucoes.com.br\/site\/wp-json\/wp\/v2\/categories?post=9769"},{"taxonomy":"post_tag","embeddable":true,"href":"https:\/\/sgpsolucoes.com.br\/site\/wp-json\/wp\/v2\/tags?post=9769"}],"curies":[{"name":"wp","href":"https:\/\/api.w.org\/{rel}","templated":true}]}}