{"id":9777,"date":"2025-03-28T14:16:21","date_gmt":"2025-03-28T17:16:21","guid":{"rendered":"https:\/\/sgpsolucoes.com.br\/site\/?p=9777"},"modified":"2025-03-28T14:16:22","modified_gmt":"2025-03-28T17:16:22","slug":"entenda-a-tramitacao-de-acoes-penais-no-stf","status":"publish","type":"post","link":"https:\/\/sgpsolucoes.com.br\/site\/entenda-a-tramitacao-de-acoes-penais-no-stf\/","title":{"rendered":"Entenda a tramita\u00e7\u00e3o de a\u00e7\u00f5es penais no STF"},"content":{"rendered":"<p><em>Veja passo a passo do processo ap\u00f3s o recebimento da den\u00fancia<\/em><\/p><p>Com o recebimento de uma den\u00fancia por um dos colegiados do Supremo Tribunal Federal (STF) \u2013 Plen\u00e1rio e Turmas \u2013, tem in\u00edcio uma nova fase no rito de um procedimento criminal: o tr\u00e2mite da a\u00e7\u00e3o penal.<\/p><p>Na fase anterior, foi examinado apenas se a den\u00fancia da Procuradoria-Geral da Rep\u00fablica (PGR) atendeu aos requisitos legais m\u00ednimos exigidos pelo C\u00f3digo de Processo Penal (CPP) para a abertura do processo criminal, ou seja, se os fatos descritos configuram crimes (materialidade) e se h\u00e1 ind\u00edcios de que os denunciados cometeram esses delitos (autoria).<\/p><p>Aberta a\u00e7\u00e3o penal, os denunciados se tornam r\u00e9us e passam a responder pelos crimes apontados pela PGR, \u00f3rg\u00e3o do Minist\u00e9rio P\u00fablico Federal (MPF) competente para apresentar acusa\u00e7\u00f5es criminais ao STF. No caso de a\u00e7\u00e3o penal privada, cab\u00edvel para alguns tipos de crimes, como cal\u00fania, inj\u00faria, difama\u00e7\u00e3o, a acusa\u00e7\u00e3o \u00e9 feita pelo pr\u00f3prio ofendido, mediante uma pe\u00e7a processual chamada queixa-crime.<\/p><p>O tr\u00e2mite dos processos criminais no STF e no Superior Tribunal de Justi\u00e7a (STJ) seguem as normas previstas na Lei 8.038\/1990, no Regimento Interno do Supremo (RISTF) e no CPP.<\/p><h5 class=\"wp-block-heading\"><strong>Instru\u00e7\u00e3o criminal<\/strong><\/h5><p>A a\u00e7\u00e3o penal \u00e9 conduzida pelo relator, e o primeiro passo \u00e9 a cita\u00e7\u00e3o dos r\u00e9us para que apresentem defesa pr\u00e9via, no prazo de cinco dias. Nesse momento, os advogados poder\u00e3o expor as teses e argumentos da defesa, especificar as provas que pretendem reunir e listar as testemunhas.<\/p><p>Em seguida, \u00e9 iniciada a instru\u00e7\u00e3o criminal \u2013 momento de produ\u00e7\u00e3o de provas perante o Judici\u00e1rio. Ser\u00e3o ouvidas as testemunhas de acusa\u00e7\u00e3o e da defesa, produzidas provas documentais e periciais solicitadas pelas partes e autorizadas pelo relator e realizadas eventuais dilig\u00eancias complementares para esclarecer circunst\u00e2ncias ou fatos apurados na instru\u00e7\u00e3o.<\/p><p>Finalizada essa etapa, o relator marca a data para o interrogat\u00f3rio dos r\u00e9us. Depois, manda intimar a acusa\u00e7\u00e3o e a defesa para, sucessivamente, apresentarem suas alega\u00e7\u00f5es finais, no prazo de 15 dias. Se algum acusado tiver firmado acordo de colabora\u00e7\u00e3o premiada, o prazo para os demais r\u00e9us come\u00e7a a contar ap\u00f3s a defesa do colaborador.<\/p><p>Finalizada essa fase processual, o relator da a\u00e7\u00e3o penal preparar\u00e1 o relat\u00f3rio (resumo do caso) e o voto. N\u00e3o h\u00e1 prazo para o ministro concluir sua an\u00e1lise.<\/p><p>Quando a a\u00e7\u00e3o penal estiver pronta para julgamento, o relator liberar\u00e1 o processo para inclus\u00e3o na pauta do colegiado competente para a an\u00e1lise (Plen\u00e1rio ou Turmas). Se o julgamento ocorrer em sess\u00e3o presencial, caber\u00e1 ao presidente do STF ou aos presidentes das Turmas, conforme o caso, marcar a data para o julgamento.<\/p><h5 class=\"wp-block-heading\"><strong>Colegiado<\/strong><\/h5><p>Na sess\u00e3o de julgamento, ap\u00f3s a leitura do relat\u00f3rio pelo relator, a acusa\u00e7\u00e3o e a defesa ter\u00e3o, nessa ordem, prazo de uma hora para sustenta\u00e7\u00e3o oral. Nos casos em que h\u00e1 mais de um r\u00e9u, o presidente do colegiado poder\u00e1 ampliar o prazo concedido \u00e0 acusa\u00e7\u00e3o.<\/p><p>Ap\u00f3s todas as manifesta\u00e7\u00f5es, o relator apresenta seu voto no sentido da condena\u00e7\u00e3o ou da absolvi\u00e7\u00e3o do r\u00e9u. Em seguida, votam os demais ministros em ordem crescente de antiguidade no Tribunal \u2013 do mais recente para o ministro com mais tempo de atua\u00e7\u00e3o. A decis\u00e3o do colegiado ser\u00e1 tomada por maioria.<\/p><p><strong>Fonte: STF<\/strong><\/p>\n    <div class=\"xs_social_share_widget xs_share_url after_content \t\tmain_content  wslu-style-1 wslu-share-box-shaped wslu-fill-colored wslu-none wslu-share-horizontal wslu-theme-font-no wslu-main_content\">\n\n\t\t\n        <ul>\n\t\t\t        <\/ul>\n    <\/div> \n","protected":false},"excerpt":{"rendered":"<p>Com o recebimento de uma den\u00fancia por um dos colegiados do Supremo Tribunal Federal (STF) \u2013 Plen\u00e1rio e Turmas \u2013, tem in\u00edcio uma nova fase no rito de um procedimento criminal: o tr\u00e2mite da a\u00e7\u00e3o penal.<\/p>\n","protected":false},"author":5,"featured_media":0,"comment_status":"open","ping_status":"open","sticky":false,"template":"","format":"standard","meta":{"postBodyCss":"","postBodyMargin":[],"postBodyPadding":[],"postBodyBackground":{"backgroundType":"classic","gradient":""},"_price":"","_stock":"","_tribe_ticket_header":"","_tribe_default_ticket_provider":"","_tribe_ticket_capacity":"0","_ticket_start_date":"","_ticket_end_date":"","_tribe_ticket_show_description":"","_tribe_ticket_show_not_going":false,"_tribe_ticket_use_global_stock":"","_tribe_ticket_global_stock_level":"","_global_stock_mode":"","_global_stock_cap":"","_tribe_rsvp_for_event":"","_tribe_ticket_going_count":"","_tribe_ticket_not_going_count":"","_tribe_tickets_list":"[]","_tribe_ticket_has_attendee_info_fields":false,"footnotes":""},"categories":[46],"tags":[7853,7851,7854,726,7848,807,7846,1816,4265,7852,1066,7850,347,348,7847,7849],"class_list":["post-9777","post","type-post","status-publish","format-standard","hentry","category-noticias","tag-autoria","tag-codigo-de-processo-penal","tag-cpp","tag-denuncia","tag-entenda","tag-materialidade","tag-passo-a-passo","tag-pgr","tag-processo","tag-processo-criminal","tag-procuradoria-geral-da-republica","tag-recebimento-da-denuncia","tag-stf","tag-supremo-tribunal-federal","tag-tramitacao-de-acoes-penais","tag-tramite-da-acao-penal"],"acf":[],"_links":{"self":[{"href":"https:\/\/sgpsolucoes.com.br\/site\/wp-json\/wp\/v2\/posts\/9777"}],"collection":[{"href":"https:\/\/sgpsolucoes.com.br\/site\/wp-json\/wp\/v2\/posts"}],"about":[{"href":"https:\/\/sgpsolucoes.com.br\/site\/wp-json\/wp\/v2\/types\/post"}],"author":[{"embeddable":true,"href":"https:\/\/sgpsolucoes.com.br\/site\/wp-json\/wp\/v2\/users\/5"}],"replies":[{"embeddable":true,"href":"https:\/\/sgpsolucoes.com.br\/site\/wp-json\/wp\/v2\/comments?post=9777"}],"version-history":[{"count":0,"href":"https:\/\/sgpsolucoes.com.br\/site\/wp-json\/wp\/v2\/posts\/9777\/revisions"}],"wp:attachment":[{"href":"https:\/\/sgpsolucoes.com.br\/site\/wp-json\/wp\/v2\/media?parent=9777"}],"wp:term":[{"taxonomy":"category","embeddable":true,"href":"https:\/\/sgpsolucoes.com.br\/site\/wp-json\/wp\/v2\/categories?post=9777"},{"taxonomy":"post_tag","embeddable":true,"href":"https:\/\/sgpsolucoes.com.br\/site\/wp-json\/wp\/v2\/tags?post=9777"}],"curies":[{"name":"wp","href":"https:\/\/api.w.org\/{rel}","templated":true}]}}