{"id":9792,"date":"2025-03-28T15:15:46","date_gmt":"2025-03-28T18:15:46","guid":{"rendered":"https:\/\/sgpsolucoes.com.br\/site\/?p=9792"},"modified":"2025-03-28T15:15:47","modified_gmt":"2025-03-28T18:15:47","slug":"estudante-garante-reintegracao-na-ufrgs-para-cursar-letras","status":"publish","type":"post","link":"https:\/\/sgpsolucoes.com.br\/site\/estudante-garante-reintegracao-na-ufrgs-para-cursar-letras\/","title":{"rendered":"Estudante garante reintegra\u00e7\u00e3o na UFRGS para cursar Letras"},"content":{"rendered":"<p>A 6\u00aa Vara Federal de Porto Alegre condenou a Universidade Federal do Rio Grande do Sul (UFRGS) a reintegrar uma estudante ao curso de Letras. A senten\u00e7a, do juiz Felipe Veit Leal, foi publicada no dia 24\/03.<\/p><p>A jovem relatou ter efetuado a matr\u00edcula na Universidade para a turma do primeiro semestre de 2024. Contudo, como ela ainda n\u00e3o estava em posse do Certificado de Conclus\u00e3o do Ensino M\u00e9dio, que foi finalizado em 2023, foi admitida a apresenta\u00e7\u00e3o de uma declara\u00e7\u00e3o, de forma provis\u00f3ria, abrindo-se um prazo extra para a entrega do documento definitivo, que deveria ser apresentado em abril de 2024.&nbsp;<\/p><p>A escola respons\u00e1vel pela confec\u00e7\u00e3o do certificado n\u00e3o o entregou em tempo h\u00e1bil, prejudicando o cumprimento do prazo para a realiza\u00e7\u00e3o definitiva da matr\u00edcula. A estudante alegou ter efetuado tentativas de contato com a UFRGS por e-mail, a fim de solicitar dila\u00e7\u00e3o de prazo, ficando sem resposta. Em agosto, quando recebeu o Certificado, ela foi em busca de informa\u00e7\u00f5es acerca de como proceder com a entrega do documento. Na ocasi\u00e3o, tomou conhecimento de que havia sido desligada da institui\u00e7\u00e3o por n\u00e3o ter apresentado a documenta\u00e7\u00e3o no prazo.<\/p><p>Em sua defesa, a Universidade argumentou ter agido em conformidade com as normas do Edital do vestibular, pugnando pelos princ\u00edpios da isonomia e da autonomia.<\/p><p>Foi concedida, inicialmente, a tutela de urg\u00eancia em favor da autora, a fim de garantir sua matr\u00edcula para o segundo semestre letivo, sob o entendimento de que houve preocupa\u00e7\u00e3o e zelo da aluna na busca pela solu\u00e7\u00e3o do problema, sendo alheias \u00e0 sua vontade as circunst\u00e2ncia que impediram o cumprimento das exig\u00eancias edital\u00edcias.<\/p><p>O juiz entendeu por manter o posicionamento da decis\u00e3o provis\u00f3ria, aplicando os princ\u00edpios da razoabilidade e proporcionalidade: \u201cNo presente caso, a perda do prazo n\u00e3o decorreu de des\u00eddia da Autora, mas de demora da institui\u00e7\u00e3o de ensino que o emite, situa\u00e7\u00e3o que mais se assemelha a for\u00e7a maior. Com mais raz\u00e3o se deve permitir a flexibiliza\u00e7\u00e3o das regras do edital quando o(a) candidato(a) est\u00e1 impossibilitado(a) de cumpri-las. A par das diferen\u00e7as, j\u00e1 se reconheceu que motivo de for\u00e7a maior n\u00e3o \u00e9 motivo razo\u00e1vel para a exclus\u00e3o de estudante de processo seletivo\u201d.<\/p><p>A Universidade foi obrigada a reintegrar a aluna na gradua\u00e7\u00e3o, garantindo a efetiva\u00e7\u00e3o da matr\u00edcula. Cabe recurso ao Tribunal Regional Federal da 4\u00aa Regi\u00e3o.<\/p><p><strong>Fonte: TRF4<\/strong><\/p>\n    <div class=\"xs_social_share_widget xs_share_url after_content \t\tmain_content  wslu-style-1 wslu-share-box-shaped wslu-fill-colored wslu-none wslu-share-horizontal wslu-theme-font-no wslu-main_content\">\n\n\t\t\n        <ul>\n\t\t\t        <\/ul>\n    <\/div> \n","protected":false},"excerpt":{"rendered":"<p>A 6\u00aa Vara Federal de Porto Alegre condenou a Universidade Federal do Rio Grande do Sul (UFRGS) a reintegrar uma estudante ao curso de Letras. A senten\u00e7a, do juiz Felipe Veit Leal, foi publicada no dia 24\/03.<\/p>\n","protected":false},"author":5,"featured_media":0,"comment_status":"open","ping_status":"open","sticky":false,"template":"","format":"standard","meta":{"postBodyCss":"","postBodyMargin":[],"postBodyPadding":[],"postBodyBackground":{"backgroundType":"classic","gradient":""},"_price":"","_stock":"","_tribe_ticket_header":"","_tribe_default_ticket_provider":"","_tribe_ticket_capacity":"0","_ticket_start_date":"","_ticket_end_date":"","_tribe_ticket_show_description":"","_tribe_ticket_show_not_going":false,"_tribe_ticket_use_global_stock":"","_tribe_ticket_global_stock_level":"","_global_stock_mode":"","_global_stock_cap":"","_tribe_rsvp_for_event":"","_tribe_ticket_going_count":"","_tribe_ticket_not_going_count":"","_tribe_tickets_list":"[]","_tribe_ticket_has_attendee_info_fields":false,"footnotes":""},"categories":[46],"tags":[7891,2277,7890,7892,7084,7085],"class_list":["post-9792","post","type-post","status-publish","format-standard","hentry","category-noticias","tag-certificado-de-conclusao-do-ensino-medio","tag-estudante","tag-letras","tag-reintegracao","tag-ufrgs","tag-universidade-federal-do-rio-grande-do-sul"],"acf":[],"_links":{"self":[{"href":"https:\/\/sgpsolucoes.com.br\/site\/wp-json\/wp\/v2\/posts\/9792"}],"collection":[{"href":"https:\/\/sgpsolucoes.com.br\/site\/wp-json\/wp\/v2\/posts"}],"about":[{"href":"https:\/\/sgpsolucoes.com.br\/site\/wp-json\/wp\/v2\/types\/post"}],"author":[{"embeddable":true,"href":"https:\/\/sgpsolucoes.com.br\/site\/wp-json\/wp\/v2\/users\/5"}],"replies":[{"embeddable":true,"href":"https:\/\/sgpsolucoes.com.br\/site\/wp-json\/wp\/v2\/comments?post=9792"}],"version-history":[{"count":0,"href":"https:\/\/sgpsolucoes.com.br\/site\/wp-json\/wp\/v2\/posts\/9792\/revisions"}],"wp:attachment":[{"href":"https:\/\/sgpsolucoes.com.br\/site\/wp-json\/wp\/v2\/media?parent=9792"}],"wp:term":[{"taxonomy":"category","embeddable":true,"href":"https:\/\/sgpsolucoes.com.br\/site\/wp-json\/wp\/v2\/categories?post=9792"},{"taxonomy":"post_tag","embeddable":true,"href":"https:\/\/sgpsolucoes.com.br\/site\/wp-json\/wp\/v2\/tags?post=9792"}],"curies":[{"name":"wp","href":"https:\/\/api.w.org\/{rel}","templated":true}]}}