{"id":9807,"date":"2025-03-31T15:21:57","date_gmt":"2025-03-31T18:21:57","guid":{"rendered":"https:\/\/sgpsolucoes.com.br\/site\/?p=9807"},"modified":"2025-03-31T15:21:58","modified_gmt":"2025-03-31T18:21:58","slug":"stf-valida-limites-para-deducao-de-despesas-com-educacao-na-declaracao-de-ir","status":"publish","type":"post","link":"https:\/\/sgpsolucoes.com.br\/site\/stf-valida-limites-para-deducao-de-despesas-com-educacao-na-declaracao-de-ir\/","title":{"rendered":"STF valida limites para dedu\u00e7\u00e3o de despesas com educa\u00e7\u00e3o na declara\u00e7\u00e3o de IR"},"content":{"rendered":"<p><em>Para relator da a\u00e7\u00e3o, ministro Luiz Fux, a isen\u00e7\u00e3o total da despesa, como queria a OAB, agravaria o financiamento da educa\u00e7\u00e3o p\u00fablica<\/em><\/p><p>Por unanimidade de votos, o Plen\u00e1rio do Supremo Tribunal Federal (STF) declarou v\u00e1lido o limite para dedu\u00e7\u00e3o de gastos com educa\u00e7\u00e3o na declara\u00e7\u00e3o de Imposto de Renda Pessoa F\u00edsica (IRPF) dos anos calend\u00e1rio de 2012, 2013 e 2014. O limite, previsto na legisla\u00e7\u00e3o que fixa os valores da tabela do IR, foi contestado pelo Conselho Federal da Ordem dos Advogados do Brasil (OAB) na A\u00e7\u00e3o Direta de Inconstitucionalidade&nbsp;<strong><a href=\"https:\/\/portal.stf.jus.br\/processos\/detalhe.asp?incidente=4384177\" target=\"_blank\" rel=\"noreferrer noopener\">(ADI) 4927<\/a><\/strong>, de relatoria do ministro Luiz Fux.<\/p><p>Na a\u00e7\u00e3o, a OAB alegava que n\u00e3o deveria haver limites para a dedu\u00e7\u00e3o de gastos com educa\u00e7\u00e3o, em raz\u00e3o dos princ\u00edpios constitucionais relativos ao conceito de renda, \u00e0 capacidade contributiva, ao n\u00e3o confisco, ao direito \u00e0 educa\u00e7\u00e3o, \u00e0 dignidade da pessoa humana e \u00e0 prote\u00e7\u00e3o \u00e0 fam\u00edlia. Segundo a entidade, a pr\u00f3pria Constitui\u00e7\u00e3o Federal (artigo 150, inciso VI) admite que o poder p\u00fablico n\u00e3o garante de forma plena a educa\u00e7\u00e3o, ao prever imunidade para institui\u00e7\u00f5es educacionais em algumas circunst\u00e2ncias.<\/p><p>O ministro Luiz Fux, relator da ADI, afirmou em seu voto que a Constitui\u00e7\u00e3o de 1988 garantiu o direito \u00e0 educa\u00e7\u00e3o e determinou aos entes p\u00fablicos, \u00e0 fam\u00edlia e \u00e0 sociedade a sua implementa\u00e7\u00e3o, mas tamb\u00e9m concedeu \u00e0 iniciativa privada o livre exerc\u00edcio de atividades de ensino, mediante regras e condi\u00e7\u00f5es. E, para garantir amplo acesso ao ensino, foi criado o incentivo de incluir as despesas com educa\u00e7\u00e3o nas parcelas dedut\u00edveis do IR.<\/p><p>Ao validar a norma questionada (Lei 12.469\/2011), o ministro ponderou que, se o pedido da OAB fosse aceito, haveria menos recursos p\u00fablicos para a educa\u00e7\u00e3o oficial e maior incentivo de acesso \u00e0s institui\u00e7\u00f5es particulares por pessoas com maior capacidade contributiva. \u201cO sistema de dedu\u00e7\u00e3o ilimitada agravaria a desigualdade na concretiza\u00e7\u00e3o do direito \u00e0 educa\u00e7\u00e3o\u201d, afirmou.<\/p><p><strong>Fonte: STF<\/strong><\/p>\n    <div class=\"xs_social_share_widget xs_share_url after_content \t\tmain_content  wslu-style-1 wslu-share-box-shaped wslu-fill-colored wslu-none wslu-share-horizontal wslu-theme-font-no wslu-main_content\">\n\n\t\t\n        <ul>\n\t\t\t        <\/ul>\n    <\/div> \n","protected":false},"excerpt":{"rendered":"<p>Por unanimidade de votos, o Plen\u00e1rio do Supremo Tribunal Federal (STF) declarou v\u00e1lido o limite para dedu\u00e7\u00e3o de gastos com educa\u00e7\u00e3o na declara\u00e7\u00e3o de Imposto de Renda Pessoa F\u00edsica (IRPF) dos anos calend\u00e1rio de 2012, 2013 e 2014. O limite, previsto na legisla\u00e7\u00e3o que fixa os valores da tabela do IR, foi contestado pelo Conselho Federal da Ordem dos Advogados do Brasil (OAB) na A\u00e7\u00e3o Direta de Inconstitucionalidade\u00a0(ADI) 4927, de relatoria do ministro Luiz Fux.<\/p>\n","protected":false},"author":5,"featured_media":0,"comment_status":"open","ping_status":"open","sticky":false,"template":"","format":"standard","meta":{"postBodyCss":"","postBodyMargin":[],"postBodyPadding":[],"postBodyBackground":{"backgroundType":"classic","gradient":""},"_price":"","_stock":"","_tribe_ticket_header":"","_tribe_default_ticket_provider":"","_tribe_ticket_capacity":"0","_ticket_start_date":"","_ticket_end_date":"","_tribe_ticket_show_description":"","_tribe_ticket_show_not_going":false,"_tribe_ticket_use_global_stock":"","_tribe_ticket_global_stock_level":"","_global_stock_mode":"","_global_stock_cap":"","_tribe_rsvp_for_event":"","_tribe_ticket_going_count":"","_tribe_ticket_not_going_count":"","_tribe_tickets_list":"[]","_tribe_ticket_has_attendee_info_fields":false,"footnotes":""},"categories":[46],"tags":[1054,7915,7925,7922,7917,7921,7923,7918,1217,7916,7920,7924,551,6350,7926,351,347,348,7919,1043],"class_list":["post-9807","post","type-post","status-publish","format-standard","hentry","category-noticias","tag-acao-direta-de-inconstitucionalidade","tag-adi-4927","tag-conselho-federal-da-ordem-dos-advogados-do-brasil","tag-declaracao-de-imposto-de-renda","tag-declaracao-de-ir","tag-deducao-de-despesas","tag-deducao-de-gastos","tag-despesa","tag-educacao","tag-educacao-publica","tag-imposto-de-renda-pessoa-fisica","tag-irpf","tag-isencao","tag-limites","tag-oab","tag-plenario","tag-stf","tag-supremo-tribunal-federal","tag-tabela-do-ir","tag-unanimidade"],"acf":[],"_links":{"self":[{"href":"https:\/\/sgpsolucoes.com.br\/site\/wp-json\/wp\/v2\/posts\/9807"}],"collection":[{"href":"https:\/\/sgpsolucoes.com.br\/site\/wp-json\/wp\/v2\/posts"}],"about":[{"href":"https:\/\/sgpsolucoes.com.br\/site\/wp-json\/wp\/v2\/types\/post"}],"author":[{"embeddable":true,"href":"https:\/\/sgpsolucoes.com.br\/site\/wp-json\/wp\/v2\/users\/5"}],"replies":[{"embeddable":true,"href":"https:\/\/sgpsolucoes.com.br\/site\/wp-json\/wp\/v2\/comments?post=9807"}],"version-history":[{"count":0,"href":"https:\/\/sgpsolucoes.com.br\/site\/wp-json\/wp\/v2\/posts\/9807\/revisions"}],"wp:attachment":[{"href":"https:\/\/sgpsolucoes.com.br\/site\/wp-json\/wp\/v2\/media?parent=9807"}],"wp:term":[{"taxonomy":"category","embeddable":true,"href":"https:\/\/sgpsolucoes.com.br\/site\/wp-json\/wp\/v2\/categories?post=9807"},{"taxonomy":"post_tag","embeddable":true,"href":"https:\/\/sgpsolucoes.com.br\/site\/wp-json\/wp\/v2\/tags?post=9807"}],"curies":[{"name":"wp","href":"https:\/\/api.w.org\/{rel}","templated":true}]}}