{"id":9813,"date":"2025-03-31T15:30:44","date_gmt":"2025-03-31T18:30:44","guid":{"rendered":"https:\/\/sgpsolucoes.com.br\/site\/?p=9813"},"modified":"2025-03-31T15:30:46","modified_gmt":"2025-03-31T18:30:46","slug":"fato-gerador-da-multa-cominatoria-e-o-descumprimento-da-ordem-judicial","status":"publish","type":"post","link":"https:\/\/sgpsolucoes.com.br\/site\/fato-gerador-da-multa-cominatoria-e-o-descumprimento-da-ordem-judicial\/","title":{"rendered":"Fato gerador da multa cominat\u00f3ria \u00e9 o descumprimento da ordem judicial"},"content":{"rendered":"<p>Para a Terceira Turma do Superior Tribunal de Justi\u00e7a (STJ), o fato gerador do cr\u00e9dito relativo \u00e0s\u00a0astreintes\u00a0\u00e9 o descumprimento da decis\u00e3o judicial que determinou a obriga\u00e7\u00e3o de fazer. &#8220;Tratando-se de obriga\u00e7\u00f5es de origem e finalidade diversa, \u00e9 inafast\u00e1vel a conclus\u00e3o de que o fato gerador da obriga\u00e7\u00e3o principal n\u00e3o se confunde com o fato gerador da multa coercitiva&#8221;, afirmou o relator do caso, ministro Ricardo Villas B\u00f4as Cueva.<\/p><p>Na origem, ap\u00f3s a Defesa Civil constatar defeitos de constru\u00e7\u00e3o em um empreendimento residencial, o condom\u00ednio ingressou com a\u00e7\u00e3o para que as duas empresas respons\u00e1veis pela obra \u2013 em recupera\u00e7\u00e3o judicial \u2013 sanassem os problemas.<\/p><p>Em&nbsp;liminar&nbsp;confirmada posteriormente na&nbsp;senten\u00e7a, o ju\u00edzo de primeiro grau determinou \u00e0s empresas que fizessem reparos no muro do condom\u00ednio, sob pena de multa di\u00e1ria. Como os reparos n\u00e3o foram realizados, o condom\u00ednio ingressou com pedido de cumprimento provis\u00f3rio da&nbsp;senten\u00e7a, exigindo o valor das&nbsp;astreintes. O ju\u00edzo, considerando que o fato gerador da obriga\u00e7\u00e3o executada foi posterior ao encerramento da recupera\u00e7\u00e3o judicial, acolheu o pedido para bloquear o valor em conta banc\u00e1ria, por meio do&nbsp;Sisbajud&nbsp;\u2013 decis\u00e3o mantida pelo tribunal estadual.<\/p><p>No STJ, as empresas sustentaram que a obriga\u00e7\u00e3o de pagar as&nbsp;astreintes&nbsp;ainda est\u00e1 em discuss\u00e3o, j\u00e1 que n\u00e3o houve julgamento definitivo da&nbsp;apela\u00e7\u00e3o, motivo pelo qual a execu\u00e7\u00e3o tem car\u00e1ter provis\u00f3rio, o que n\u00e3o permite o levantamento de valores. Elas pediram que o cr\u00e9dito relativo \u00e0 multa fosse reconhecido como concursal e habilitado na recupera\u00e7\u00e3o judicial.<\/p><h2 class=\"wp-block-heading\">Multa n\u00e3o substitui o cumprimento da obriga\u00e7\u00e3o<\/h2><p>O ministro Ricardo Villas B\u00f4as Cueva destacou que as&nbsp;astreintes&nbsp;t\u00eam como objetivo coagir a parte a cumprir obriga\u00e7\u00e3o imposta judicialmente, de acordo com o disposto no&nbsp;<a href=\"https:\/\/www.planalto.gov.br\/ccivil_03\/_ato2015-2018\/2015\/lei\/l13105.htm#art536\">artigo 536, par\u00e1grafo 1\u00ba, do C\u00f3digo de Processo Civil (CPC)<\/a>.<\/p><p>Segundo esclareceu o ministro, a multa tem natureza processual, diferentemente da obriga\u00e7\u00e3o principal do processo; ela serve para fazer com que a obriga\u00e7\u00e3o principal seja cumprida, e n\u00e3o para substitu\u00ed-la. &#8220;A multa \u00e9 obriga\u00e7\u00e3o acess\u00f3ria \u00e0 determina\u00e7\u00e3o do juiz, e n\u00e3o acess\u00f3ria ao il\u00edcito contratual&#8221;, explicou.<\/p><p>&#8220;Diversamente da indeniza\u00e7\u00e3o, que objetiva recompor o dano causado \u00e0 esfera jur\u00eddica da v\u00edtima, a&nbsp;multa cominat\u00f3ria&nbsp;objetiva a defesa da autoridade do pr\u00f3prio Estado-juiz&#8221;, completou.<\/p><h2 class=\"wp-block-heading\">Descumprimento da decis\u00e3o judicial \u00e9 fato gerador das&nbsp;astreintes<\/h2><p>O relator salientou que, por terem finalidades diversas, a obriga\u00e7\u00e3o principal e a multa coercitiva n\u00e3o podem ter o mesmo fato gerador. Conforme observou, no caso em discuss\u00e3o, a obriga\u00e7\u00e3o tem como fato gerador o cumprimento defeituoso do contrato, que deu origem ao direito de obter repara\u00e7\u00e3o direta ou pecuni\u00e1ria.<\/p><p>Quanto ao fato gerador da multa, o relator comentou que ele ocorre com o descumprimento da decis\u00e3o judicial que determinou o in\u00edcio da obra para sanar os defeitos de constru\u00e7\u00e3o apontados pelo laudo da Defesa Civil.<\/p><p>Conforme apontou o ministro, o descumprimento da obriga\u00e7\u00e3o de executar a reforma come\u00e7ou quando j\u00e1 havia sido encerrada a recupera\u00e7\u00e3o judicial. &#8220;Diante disso, n\u00e3o h\u00e1 falar em habilita\u00e7\u00e3o do cr\u00e9dito ou reserva de valores&#8221;, concluiu.&nbsp;<\/p><h2 class=\"wp-block-heading\">Levantamento de valores est\u00e1 condicionado ao tr\u00e2nsito em julgado<\/h2><p>O relator lembrou que, para a jurisprud\u00eancia do STJ, a&nbsp;multa cominat\u00f3ria&nbsp;somente pode ser objeto de execu\u00e7\u00e3o provis\u00f3ria quando confirmada por&nbsp;senten\u00e7a&nbsp;e desde que o recurso interposto n\u00e3o tenha sido recebido com&nbsp;efeito suspensivo.<\/p><p>De acordo com o ministro, a&nbsp;apela\u00e7\u00e3o&nbsp;pendente de julgamento n\u00e3o tem, em princ\u00edpio,&nbsp;efeito suspensivo&nbsp;(<a href=\"https:\/\/www.planalto.gov.br\/ccivil_03\/_ato2015-2018\/2015\/lei\/l13105.htm#art1012\">artigo 1.012, par\u00e1grafo 1\u00ba, inciso V, do CPC<\/a>), o que possibilita o prosseguimento do cumprimento provis\u00f3rio de&nbsp;senten\u00e7a. No entanto, o&nbsp;levantamento dos valores deve aguardar o tr\u00e2nsito em julgado do processo.<\/p><p>&#8220;O fato de a&nbsp;multa cominat\u00f3ria&nbsp;ser pass\u00edvel de mudan\u00e7a n\u00e3o impossibilita sua execu\u00e7\u00e3o provis\u00f3ria&#8221;, ressaltou.<\/p><p><a href=\"https:\/\/processo.stj.jus.br\/processo\/julgamento\/eletronico\/documento\/mediado\/?documento_tipo=integra&amp;documento_sequencial=293929626&amp;registro_numero=202403403730&amp;peticao_numero=&amp;publicacao_data=20250207&amp;formato=PDF\">Leia o ac\u00f3rd\u00e3o no REsp 2.169.203<\/a>.<\/p><p>Esta not\u00edcia refere-se ao(s)\u00a0processo(s): <a class=\"\" href=\"https:\/\/ww2.stj.jus.br\/processo\/pesquisa\/?aplicacao=processos.ea&amp;tipoPesquisa=tipoPesquisaGenerica&amp;termo=REsp%202169203\">REsp 2169203<\/a><\/p><p><strong>Fonte: STJ<\/strong><\/p>\n    <div class=\"xs_social_share_widget xs_share_url after_content \t\tmain_content  wslu-style-1 wslu-share-box-shaped wslu-fill-colored wslu-none wslu-share-horizontal wslu-theme-font-no wslu-main_content\">\n\n\t\t\n        <ul>\n\t\t\t        <\/ul>\n    <\/div> \n","protected":false},"excerpt":{"rendered":"<p>Para a Terceira Turma do Superior Tribunal de Justi\u00e7a (STJ), o fato gerador do cr\u00e9dito relativo \u00e0s\u00a0astreintes\u00a0\u00e9 o descumprimento da decis\u00e3o judicial que determinou a obriga\u00e7\u00e3o de fazer. &#8220;Tratando-se de obriga\u00e7\u00f5es de origem e finalidade diversa, \u00e9 inafast\u00e1vel a conclus\u00e3o de que o fato gerador da obriga\u00e7\u00e3o principal n\u00e3o se confunde com o fato gerador da multa coercitiva&#8221;, afirmou o relator do caso, ministro Ricardo Villas B\u00f4as Cueva.<\/p>\n","protected":false},"author":5,"featured_media":0,"comment_status":"open","ping_status":"open","sticky":false,"template":"","format":"standard","meta":{"postBodyCss":"","postBodyMargin":[],"postBodyPadding":[],"postBodyBackground":{"backgroundType":"classic","gradient":""},"_price":"","_stock":"","_tribe_ticket_header":"","_tribe_default_ticket_provider":"","_tribe_ticket_capacity":"0","_ticket_start_date":"","_ticket_end_date":"","_tribe_ticket_show_description":"","_tribe_ticket_show_not_going":false,"_tribe_ticket_use_global_stock":"","_tribe_ticket_global_stock_level":"","_global_stock_mode":"","_global_stock_cap":"","_tribe_rsvp_for_event":"","_tribe_ticket_going_count":"","_tribe_ticket_not_going_count":"","_tribe_tickets_list":"[]","_tribe_ticket_has_attendee_info_fields":false,"footnotes":""},"categories":[46],"tags":[7938,271,1244,7937,7934,7940,7935,7936,7939,229,230],"class_list":["post-9813","post","type-post","status-publish","format-standard","hentry","category-noticias","tag-astreintes","tag-credito","tag-decisao-judicial","tag-descumprimento-da-ordem-judicial","tag-fato-gerador","tag-multa-coercitiva","tag-multa-cominatoria","tag-obrigacao-de-fazer","tag-obrigacao-principal","tag-stj","tag-superior-tribunal-de-justica"],"acf":[],"_links":{"self":[{"href":"https:\/\/sgpsolucoes.com.br\/site\/wp-json\/wp\/v2\/posts\/9813"}],"collection":[{"href":"https:\/\/sgpsolucoes.com.br\/site\/wp-json\/wp\/v2\/posts"}],"about":[{"href":"https:\/\/sgpsolucoes.com.br\/site\/wp-json\/wp\/v2\/types\/post"}],"author":[{"embeddable":true,"href":"https:\/\/sgpsolucoes.com.br\/site\/wp-json\/wp\/v2\/users\/5"}],"replies":[{"embeddable":true,"href":"https:\/\/sgpsolucoes.com.br\/site\/wp-json\/wp\/v2\/comments?post=9813"}],"version-history":[{"count":0,"href":"https:\/\/sgpsolucoes.com.br\/site\/wp-json\/wp\/v2\/posts\/9813\/revisions"}],"wp:attachment":[{"href":"https:\/\/sgpsolucoes.com.br\/site\/wp-json\/wp\/v2\/media?parent=9813"}],"wp:term":[{"taxonomy":"category","embeddable":true,"href":"https:\/\/sgpsolucoes.com.br\/site\/wp-json\/wp\/v2\/categories?post=9813"},{"taxonomy":"post_tag","embeddable":true,"href":"https:\/\/sgpsolucoes.com.br\/site\/wp-json\/wp\/v2\/tags?post=9813"}],"curies":[{"name":"wp","href":"https:\/\/api.w.org\/{rel}","templated":true}]}}