{"id":9835,"date":"2025-04-01T15:24:10","date_gmt":"2025-04-01T18:24:10","guid":{"rendered":"https:\/\/sgpsolucoes.com.br\/site\/?p=9835"},"modified":"2025-04-01T15:24:12","modified_gmt":"2025-04-01T18:24:12","slug":"livro-de-ministro-aposentado-da-suprema-corte-dos-eua-sera-lancado-no-stf","status":"publish","type":"post","link":"https:\/\/sgpsolucoes.com.br\/site\/livro-de-ministro-aposentado-da-suprema-corte-dos-eua-sera-lancado-no-stf\/","title":{"rendered":"Livro de ministro aposentado da Suprema Corte dos EUA ser\u00e1 lan\u00e7ado no STF"},"content":{"rendered":"<p><em><strong>Obra de Stephen Breyer aborda rela\u00e7\u00e3o entre Judici\u00e1rio e pol\u00edtica; pref\u00e1cio \u00e9 assinado pelo ministro Barroso<\/strong><\/em><\/p><p><img decoding=\"async\" src=\"https:\/\/noticias-stf-wp-prd.s3.sa-east-1.amazonaws.com\/wp-content\/uploads\/wpallimport\/uploads\/2025\/02\/17145053\/Fellipe-Sampaio-Revista-Suprema-1-scaled.jpg\" alt=\"Detalhe arquitet\u00f4nico da fachada do edif\u00edcio-sede do STF\"><em>Foto: Fellipe Sampaio<\/em><\/p><p>A Biblioteca do Supremo Tribunal Federal (STF) receber\u00e1 na pr\u00f3xima quarta-feira (2), a partir das 18h, o lan\u00e7amento do livro \u201cA Autoridade da Suprema Corte e o Perigo da Pol\u00edtica\u201d, de Stephen Breyer, ministro aposentado da Suprema Corte dos Estados Unidos. A edi\u00e7\u00e3o brasileira da obra conta com pref\u00e1cio assinado pelo presidente do STF, ministro Lu\u00eds Roberto Barroso.<\/p><p>No texto, Barroso destaca a import\u00e2ncia do respeito \u00e0s institui\u00e7\u00f5es democr\u00e1ticas, mesmo diante de decis\u00f5es que possam desagradar setores da sociedade. Segundo o presidente do STF, a obra oferece uma an\u00e1lise profunda sobre o papel do Judici\u00e1rio em democracias contempor\u00e2neas. \u201cAs institui\u00e7\u00f5es democr\u00e1ticas, e entre elas as Supremas Cortes, devem ser apreciadas em seu conjunto, mesmo quando, eventualmente, n\u00e3o se goste de um ou outro resultado\u201d, ressalta.<\/p><p>O livro examina a intera\u00e7\u00e3o entre a Suprema Corte norte-americana e a pol\u00edtica e aborda os desafios enfrentados pelo Judici\u00e1rio em um contexto de crescente polariza\u00e7\u00e3o. A tradu\u00e7\u00e3o para o portugu\u00eas foi realizada por Georges Abboud, Gustavo Vaughn e Gabriel Teixeira.<\/p><h5 class=\"wp-block-heading\"><strong>O autor<\/strong><\/h5><p>Stephen Breyer atuou por mais de 28 anos na Suprema Corte e foi nomeado pelo ent\u00e3o presidente Bill Clinton em 1994. Aposentou-se em 2022 e, atualmente, leciona Direito Administrativo em Harvard.<\/p><p><strong>Fonte: STF<\/strong><\/p>\n    <div class=\"xs_social_share_widget xs_share_url after_content \t\tmain_content  wslu-style-1 wslu-share-box-shaped wslu-fill-colored wslu-none wslu-share-horizontal wslu-theme-font-no wslu-main_content\">\n\n\t\t\n        <ul>\n\t\t\t        <\/ul>\n    <\/div> \n","protected":false},"excerpt":{"rendered":"<p>A Biblioteca do Supremo Tribunal Federal (STF) receber\u00e1 na pr\u00f3xima quarta-feira (2), a partir das 18h, o lan\u00e7amento do livro \u201cA Autoridade da Suprema Corte e o Perigo da Pol\u00edtica\u201d, de Stephen Breyer, ministro aposentado da Suprema Corte dos Estados Unidos. A edi\u00e7\u00e3o brasileira da obra conta com pref\u00e1cio assinado pelo presidente do STF, ministro Lu\u00eds Roberto Barroso.<\/p>\n","protected":false},"author":5,"featured_media":9836,"comment_status":"open","ping_status":"open","sticky":false,"template":"","format":"standard","meta":{"postBodyCss":"","postBodyMargin":[],"postBodyPadding":[],"postBodyBackground":{"backgroundType":"classic","gradient":""},"_price":"","_stock":"","_tribe_ticket_header":"","_tribe_default_ticket_provider":"","_tribe_ticket_capacity":"0","_ticket_start_date":"","_ticket_end_date":"","_tribe_ticket_show_description":"","_tribe_ticket_show_not_going":false,"_tribe_ticket_use_global_stock":"","_tribe_ticket_global_stock_level":"","_global_stock_mode":"","_global_stock_cap":"","_tribe_rsvp_for_event":"","_tribe_ticket_going_count":"","_tribe_ticket_not_going_count":"","_tribe_tickets_list":"[]","_tribe_ticket_has_attendee_info_fields":false,"footnotes":""},"categories":[46],"tags":[7981,4062,6783,7979,7982,7983,220,5817,7980,3535,7978,347,7977,348],"class_list":["post-9835","post","type-post","status-publish","format-standard","has-post-thumbnail","hentry","category-noticias","tag-a-autoridade-da-suprema-corte-e-o-perigo-da-politica","tag-judiciario","tag-livro","tag-ministro-aposentado","tag-ministro-aposentado-da-suprema-corte-dos-estados-unidos","tag-ministro-luis-roberto-barroso","tag-obra","tag-politica","tag-prefacio","tag-presidente-do-stf","tag-stephen-breyer","tag-stf","tag-suprema-corte-dos-eua","tag-supremo-tribunal-federal"],"acf":[],"_links":{"self":[{"href":"https:\/\/sgpsolucoes.com.br\/site\/wp-json\/wp\/v2\/posts\/9835"}],"collection":[{"href":"https:\/\/sgpsolucoes.com.br\/site\/wp-json\/wp\/v2\/posts"}],"about":[{"href":"https:\/\/sgpsolucoes.com.br\/site\/wp-json\/wp\/v2\/types\/post"}],"author":[{"embeddable":true,"href":"https:\/\/sgpsolucoes.com.br\/site\/wp-json\/wp\/v2\/users\/5"}],"replies":[{"embeddable":true,"href":"https:\/\/sgpsolucoes.com.br\/site\/wp-json\/wp\/v2\/comments?post=9835"}],"version-history":[{"count":0,"href":"https:\/\/sgpsolucoes.com.br\/site\/wp-json\/wp\/v2\/posts\/9835\/revisions"}],"wp:featuredmedia":[{"embeddable":true,"href":"https:\/\/sgpsolucoes.com.br\/site\/wp-json\/wp\/v2\/media\/9836"}],"wp:attachment":[{"href":"https:\/\/sgpsolucoes.com.br\/site\/wp-json\/wp\/v2\/media?parent=9835"}],"wp:term":[{"taxonomy":"category","embeddable":true,"href":"https:\/\/sgpsolucoes.com.br\/site\/wp-json\/wp\/v2\/categories?post=9835"},{"taxonomy":"post_tag","embeddable":true,"href":"https:\/\/sgpsolucoes.com.br\/site\/wp-json\/wp\/v2\/tags?post=9835"}],"curies":[{"name":"wp","href":"https:\/\/api.w.org\/{rel}","templated":true}]}}