{"id":9838,"date":"2025-04-01T15:36:34","date_gmt":"2025-04-01T18:36:34","guid":{"rendered":"https:\/\/sgpsolucoes.com.br\/site\/?p=9838"},"modified":"2025-04-01T15:36:35","modified_gmt":"2025-04-01T18:36:35","slug":"ministro-luis-felipe-salomao-comenta-pontos-relevantes-da-proposta-de-reforma-do-codigo-civil","status":"publish","type":"post","link":"https:\/\/sgpsolucoes.com.br\/site\/ministro-luis-felipe-salomao-comenta-pontos-relevantes-da-proposta-de-reforma-do-codigo-civil\/","title":{"rendered":"Ministro Luis Felipe Salom\u00e3o comenta pontos relevantes da proposta de reforma do C\u00f3digo Civil"},"content":{"rendered":"<p>O vice-presidente do Superior Tribunal de Justi\u00e7a (STJ), ministro Luis Felipe Salom\u00e3o, presidiu, em 2023 e 2024, a comiss\u00e3o de juristas respons\u00e1vel por elaborar o anteprojeto de atualiza\u00e7\u00e3o do C\u00f3digo Civil. O trabalho da comiss\u00e3o \u00e9 exposto em detalhes no livro&nbsp;<em>A Reforma do C\u00f3digo Civil<\/em>, a ser lan\u00e7ado nesta ter\u00e7a-feira (1\u00ba), a partir das 19h30, no Sal\u00e3o Negro do Congresso Nacional.<\/p><p>O livro \u2013 organizado pelo senador Rodrigo Pacheco, ex-presidente do Senado respons\u00e1vel pela instala\u00e7\u00e3o da comiss\u00e3o, e com introdu\u00e7\u00e3o do ministro Salom\u00e3o \u2013 re\u00fane artigos que examinam em profundidade os principais pontos da proposta, atualmente em tramita\u00e7\u00e3o naquela casa legislativa.<\/p><p><strong>Leia tamb\u00e9m:&nbsp;<\/strong>&nbsp;<a href=\"https:\/\/www.stj.jus.br\/sites\/portalp\/Paginas\/Comunicacao\/Noticias\/2025\/27032025-Obra-que-sera-lancada-terca-feira--1o--traz-a-proposta-de-reforma-do-Codigo-Civil-vista-por-seus-autores.aspx\">Obra que ser\u00e1 lan\u00e7ada ter\u00e7a-feira (1\u00ba) traz a proposta de reforma do C\u00f3digo Civil vista por seus autores<\/a><\/p><p>Nesta entrevista, Salom\u00e3o comenta algumas das mudan\u00e7as mais relevantes sugeridas para a reforma do C\u00f3digo Civil.\u200b\u200b\u200b\u200b\u200b\u200b\u200b\u200b\u200b<\/p><figure class=\"wp-block-image is-resized\"><img decoding=\"async\" src=\"https:\/\/www.stj.jus.br\/sites\/portalp\/SiteAssets\/imagens\/internas_noticias\/ministro-do-stj-luis-felipe-salomao-31032025.jpg\" alt=\"\" style=\"width:840px;height:auto\"\/><figcaption class=\"wp-element-caption\"><em>Luis Felipe Salom\u00e3o presidiu a comiss\u00e3o de juristas respons\u00e1vel pela elabora\u00e7\u00e3o do anteprojeto de reforma do C\u00f3digo Civil.<\/em><\/figcaption><\/figure><p><strong><em>Luis Felipe Salom\u00e3o&nbsp;<\/em><\/strong><em>\u2013 As intensas mudan\u00e7as na sociedade brasileira experimentadas ao longo do s\u00e9culo XX, com modelos negociais e contratuais inovadores, passando pela engenharia gen\u00e9tica, novos arranjos familiares com impactos no plano sucess\u00f3rio, a comunica\u00e7\u00e3o em tempo real proporcionada pela internet \u2013 agora dispon\u00edvel na palma da m\u00e3o \u2013, s\u00e3o apenas alguns exemplos de fatos que indicam a necessidade de atualiza\u00e7\u00e3o das regras que regem as rela\u00e7\u00f5es jur\u00eddicas no campo civil.<\/em><\/p><p><em>N\u00e3o obstante a plasticidade do C\u00f3digo Civil, bem como os reconhecidos e inovadores princ\u00edpios da eticidade, operabilidade e&nbsp;boa-f\u00e9 objetiva, o diploma j\u00e1 foi alterado por 64 normas, havendo ainda mais de 50 propostas de modifica\u00e7\u00e3o pendentes de aprecia\u00e7\u00e3o.<\/em><\/p><p><em>As altera\u00e7\u00f5es legislativas implementadas simplesmente n\u00e3o conseguiram suprir em tempo h\u00e1bil todas as necessidades dos segmentos sociais, pol\u00edticos e econ\u00f4micos em constante evolu\u00e7\u00e3o.<\/em><\/p><p><strong>Antes de entrarmos nas principais propostas em discuss\u00e3o, como foi o trabalho da comiss\u00e3o de juristas?<\/strong><\/p><p><strong><em>Luis Felipe Salom\u00e3o&nbsp;<\/em><\/strong><em>\u2013 Durante os oito meses de trabalho, a comiss\u00e3o (composta por 37 membros e seis consultores volunt\u00e1rios) enviou cerca de 400 of\u00edcios a entidades representativas da sociedade civil, faculdades de direito, \u00f3rg\u00e3os p\u00fablicos e associa\u00e7\u00f5es, com o objetivo de comunicar a abertura de prazo para sugest\u00f5es.<\/em><\/p><p><strong>Leia tamb\u00e9m:&nbsp;<\/strong><a href=\"https:\/\/www.stj.jus.br\/sites\/portalp\/Paginas\/Comunicacao\/Noticias\/2024\/17042024-Comissao-de-juristas-entrega-proposta-de-revisao-do-Codigo-Civil-ao-Senado.aspx\">Comiss\u00e3o de juristas entrega proposta de revis\u00e3o do C\u00f3digo Civil ao Senado<\/a><\/p><p><em>Recebemos 280 propostas da sociedade civil, as quais foram examinadas ao longo desse per\u00edodo, quando tamb\u00e9m foram realizadas quatro audi\u00eancias p\u00fablicas, al\u00e9m de v\u00e1rios debates acad\u00eamicos nas universidades e eventos jur\u00eddicos. In\u00fameras contribui\u00e7\u00f5es populares tamb\u00e9m chegaram pelo canal e-Cidadania.<\/em><\/p><p><strong>Considerando toda essa participa\u00e7\u00e3o social e a amplitude dos temas abordados, quais foram as diretrizes seguidas para consolidar a proposta entregue em abril de 2024 ao Senado?<\/strong><\/p><p><strong><em>Luis Felipe Salom\u00e3o&nbsp;<\/em><\/strong><em>\u2013 O eixo que, de modo geral, orientou os trabalhos foi observar a jurisprud\u00eancia consolidada do Supremo Tribunal Federal e do Superior Tribunal de Justi\u00e7a, os enunciados aprovados em jornadas promovidas pelo Conselho da Justi\u00e7a Federal e as posi\u00e7\u00f5es consensuais na academia e na doutrina sobre a interpreta\u00e7\u00e3o de institutos jur\u00eddicos.<\/em><\/p><p><em>Ademais, alguns outros vetores orientaram as propostas de atualiza\u00e7\u00e3o: a) assegurar maior autonomia de vontade \u00e0s pessoas; b) promover a desjudicializa\u00e7\u00e3o de v\u00e1rios atos e procedimentos; c) estimular o empreendedorismo e facilitar o ambiente de neg\u00f3cios; d) garantir as altera\u00e7\u00f5es necess\u00e1rias para atualiza\u00e7\u00e3o do texto, mas observando sempre o princ\u00edpio da seguran\u00e7a jur\u00eddica.<\/em><\/p><p><em>Al\u00e9m da revis\u00e3o e atualiza\u00e7\u00e3o de temas j\u00e1 consagrados no direito civil, uma novidade foi a sugest\u00e3o de cria\u00e7\u00e3o de um livro pr\u00f3prio dedicado ao direito digital \u2013 um livro totalmente novo, moderno, com potencial de se tornar importante marco para a regula\u00e7\u00e3o dos direitos fundamentais no espa\u00e7o cibern\u00e9tico.<\/em><\/p><p><strong>Este \u00e9 certamente um dos temas mais importantes para o direito nos dias de hoje, especialmente com o avan\u00e7o da intelig\u00eancia artificial e o uso cada vez mais frequente de solu\u00e7\u00f5es digitais na vida moderna. Especificamente sobre servi\u00e7os digitais e intelig\u00eancia artificial, o que a proposta apresentou?<\/strong><\/p><p><strong><em>Luis Felipe Salom\u00e3o&nbsp;<\/em><\/strong><em>\u2013 Os artigos 609-A a 609-G tratam da presta\u00e7\u00e3o de servi\u00e7os e de acesso a conte\u00fados digitais, definidos por um &#8220;conjunto de presta\u00e7\u00f5es de fazer, economicamente relevantes, que permitam ao usu\u00e1rio criar, tratar, armazenar ou ter acesso a dados em formato digital, assim como partilhar, efetivar mudan\u00e7as ou qualquer outra intera\u00e7\u00e3o com dados em formato digital e no ambiente virtual&#8221;. As proposi\u00e7\u00f5es buscam regular quest\u00f5es contratuais no debate atual, tal como o uso de intelig\u00eancia artificial, que &#8220;deve ser identificada de forma clara e seguir os padr\u00f5es \u00e9ticos necess\u00e1rios, segundo os princ\u00edpios da boa-f\u00e9 e da fun\u00e7\u00e3o social do contrato&#8221; (artigo 609-F).<\/em><\/p><p><strong>O que o anteprojeto prop\u00f5e em rela\u00e7\u00e3o ao mundo dos neg\u00f3cios, que tem passado por t\u00e3o grandes transforma\u00e7\u00f5es nas \u00faltimas d\u00e9cadas?<\/strong><\/p><p><strong><em>Luis Felipe Salom\u00e3o&nbsp;<\/em><\/strong><em>\u2013 De fato, para amoldar as disposi\u00e7\u00f5es do C\u00f3digo Civil \u00e0 realidade social, em rela\u00e7\u00e3o a tipos societ\u00e1rios em desuso, apresentou-se sugest\u00e3o de revoga\u00e7\u00e3o dos artigos 1.039 a 1.051, que tratam da sociedade em nome coletivo e da sociedade em comandita simples.<\/em><\/p><p><em>No primeiro dispositivo do livro sobre direito de empresa (artigo 966), foram promovidos ajustes de reda\u00e7\u00e3o a fim de conceituar, no lugar de empres\u00e1rio, a empresa, assim entendida como &#8220;organiza\u00e7\u00e3o profissional de fatores de produ\u00e7\u00e3o que, no ambiente de mercado, exerce atividade de circula\u00e7\u00e3o de riquezas, com escopo de lucro, em prest\u00edgio aos valores sociais do trabalho e do capital humano&#8221;. Fixado o conceito, o par\u00e1grafo 1\u00ba esclarece que tanto o empres\u00e1rio como a sociedade empres\u00e1ria exercem atividade empresarial.<\/em><\/p><p><strong>Uma das \u00e1reas que provocou mais debates foi o direito de fam\u00edlia. Quais as principais propostas nessa tem\u00e1tica?<\/strong><\/p><p><strong><em>Luis Felipe Salom\u00e3o&nbsp;<\/em><\/strong><em>\u2013 Uma das propostas acatadas pela comiss\u00e3o foi atualizar o termo adotado para aqueles que se encontram em uni\u00e3o est\u00e1vel \u2013 de companheiros para conviventes.<\/em><\/p><p><em>N\u00e3o obstante a proposta de revoga\u00e7\u00e3o do primeiro artigo do livro que trata do direito de fam\u00edlia (artigo 1.511), os novos dispositivos (artigos 1.511-A a 1.511-G) tra\u00e7am importantes balizas iniciais para esse n\u00facleo essencial da sociedade.<\/em><\/p><p><em>Merece destaque o reconhecimento \u2013 ao lado da fam\u00edlia constitu\u00edda pelo casamento e pela uni\u00e3o est\u00e1vel \u2013 da constitui\u00e7\u00e3o de fam\u00edlia parental (artigo 1.511-B), assim entendida aquela &#8220;composta por, pelo menos, um ascendente e seu descendente, qualquer que seja a natureza da filia\u00e7\u00e3o, bem como a que resulta do conv\u00edvio entre parentes colaterais que vivam sob o mesmo teto com compartilhamento de responsabilidades familiares pessoais e patrimoniais&#8221; (par\u00e1grafo 1\u00ba).<\/em><\/p><p><strong>Consta que a comiss\u00e3o tamb\u00e9m inovou em rela\u00e7\u00e3o aos animais de estima\u00e7\u00e3o. Quais foram as sugest\u00f5es?<\/strong><\/p><p><strong><em>Luis Felipe Salom\u00e3o&nbsp;<\/em><\/strong><em>\u2013 No in\u00edcio do C\u00f3digo Civil, em aten\u00e7\u00e3o ao nov\u00edssimo tema do direito animal, prop\u00f5e-se inserir que &#8220;a afetividade humana tamb\u00e9m se manifesta por express\u00f5es de cuidado e de prote\u00e7\u00e3o aos animais que comp\u00f5em o entorno sociofamiliar da pessoa&#8221; (artigo 19). Um importante acr\u00e9scimo na Parte Geral sobre o tema est\u00e1 no artigo 91-A, segundo o qual &#8220;os animais s\u00e3o seres vivos sencientes e pass\u00edveis de prote\u00e7\u00e3o jur\u00eddica pr\u00f3pria, em virtude da sua natureza especial&#8221;, reservando-se para lei especial disciplinar &#8220;o tratamento f\u00edsico e \u00e9tico adequado aos animais&#8221; (par\u00e1grafo 1\u00ba).<\/em><\/p><p><em>Ainda em rela\u00e7\u00e3o ao mesmo assunto, o anteprojeto buscou conferir tratamento adequado ao compartilhamento da companhia e das despesas com os&nbsp;<\/em><em>pets<\/em><em>, a ser observado por ex-c\u00f4njuges e ex-conviventes (artigo 1.566, par\u00e1grafo 3\u00ba).<\/em><\/p><p>Ficou interessado? N\u00e3o deixe de conferir a \u00edntegra dos debates e das propostas apresentadas no&nbsp;<a href=\"https:\/\/legis.senado.leg.br\/atividade\/comissoes\/comissao\/2630\/\"><em>site<\/em>&nbsp;do Senado<\/a>. O anteprojeto aprovado pela comiss\u00e3o de juristas interv\u00e9m \u2013 inserindo, alterando ou revogando \u2013 em 1.122 artigos do C\u00f3digo Civil e em outras dez leis federais, tais como a Lei de Registros P\u00fablicos, o Estatuto da Crian\u00e7a e do Adolescente, o C\u00f3digo de Processo Civil e o C\u00f3digo Penal.<\/p><p><\/p><p><strong>Saiba o significado de termos publicados nesta not\u00edcia:<\/strong><\/p><ul class=\"wp-block-list\"><li>1\u00ba termo &#8211; Boa-f\u00e9 objetiva:\u00a0Conduta \u00e9tica nas rela\u00e7\u00f5es contratuais, aferida a partir de um padr\u00e3o de comportamento caracterizado por lealdade e considera\u00e7\u00e3o com os interesses da outra parte.<\/li><\/ul><p><\/p><p><strong>Fonte: STJ<\/strong><\/p>\n    <div class=\"xs_social_share_widget xs_share_url after_content \t\tmain_content  wslu-style-1 wslu-share-box-shaped wslu-fill-colored wslu-none wslu-share-horizontal wslu-theme-font-no wslu-main_content\">\n\n\t\t\n        <ul>\n\t\t\t        <\/ul>\n    <\/div> \n","protected":false},"excerpt":{"rendered":"<p>O vice-presidente do Superior Tribunal de Justi\u00e7a (STJ), ministro Luis Felipe Salom\u00e3o, presidiu, em 2023 e 2024, a comiss\u00e3o de juristas respons\u00e1vel por elaborar o anteprojeto de atualiza\u00e7\u00e3o do C\u00f3digo Civil. O trabalho da comiss\u00e3o \u00e9 exposto em detalhes no livro\u00a0A Reforma do C\u00f3digo Civil, a ser lan\u00e7ado nesta ter\u00e7a-feira (1\u00ba), a partir das 19h30, no Sal\u00e3o Negro do Congresso Nacional.<\/p>\n","protected":false},"author":5,"featured_media":9839,"comment_status":"open","ping_status":"open","sticky":false,"template":"","format":"standard","meta":{"postBodyCss":"","postBodyMargin":[],"postBodyPadding":[],"postBodyBackground":{"backgroundType":"classic","gradient":""},"_price":"","_stock":"","_tribe_ticket_header":"","_tribe_default_ticket_provider":"","_tribe_ticket_capacity":"0","_ticket_start_date":"","_ticket_end_date":"","_tribe_ticket_show_description":"","_tribe_ticket_show_not_going":false,"_tribe_ticket_use_global_stock":"","_tribe_ticket_global_stock_level":"","_global_stock_mode":"","_global_stock_cap":"","_tribe_rsvp_for_event":"","_tribe_ticket_going_count":"","_tribe_ticket_not_going_count":"","_tribe_tickets_list":"[]","_tribe_ticket_has_attendee_info_fields":false,"footnotes":""},"categories":[46],"tags":[7991,7989,7986,7987,1460,7985,7988,855,7984,7992,7990,229,230],"class_list":["post-9838","post","type-post","status-publish","format-standard","has-post-thumbnail","hentry","category-noticias","tag-a-reforma-do-codigo-civil","tag-anteprojeto-de-atualizacao-do-codigo-civil","tag-codigo-civil","tag-luis-felipe-salomao","tag-ministro","tag-pontos-relevantes","tag-proposta-de-reforma-do-codigo-civil","tag-reforma","tag-reforma-do-codigo-civil","tag-rodrigo-pacheco","tag-salao-negro-do-congresso-nacional","tag-stj","tag-superior-tribunal-de-justica"],"acf":[],"_links":{"self":[{"href":"https:\/\/sgpsolucoes.com.br\/site\/wp-json\/wp\/v2\/posts\/9838"}],"collection":[{"href":"https:\/\/sgpsolucoes.com.br\/site\/wp-json\/wp\/v2\/posts"}],"about":[{"href":"https:\/\/sgpsolucoes.com.br\/site\/wp-json\/wp\/v2\/types\/post"}],"author":[{"embeddable":true,"href":"https:\/\/sgpsolucoes.com.br\/site\/wp-json\/wp\/v2\/users\/5"}],"replies":[{"embeddable":true,"href":"https:\/\/sgpsolucoes.com.br\/site\/wp-json\/wp\/v2\/comments?post=9838"}],"version-history":[{"count":0,"href":"https:\/\/sgpsolucoes.com.br\/site\/wp-json\/wp\/v2\/posts\/9838\/revisions"}],"wp:featuredmedia":[{"embeddable":true,"href":"https:\/\/sgpsolucoes.com.br\/site\/wp-json\/wp\/v2\/media\/9839"}],"wp:attachment":[{"href":"https:\/\/sgpsolucoes.com.br\/site\/wp-json\/wp\/v2\/media?parent=9838"}],"wp:term":[{"taxonomy":"category","embeddable":true,"href":"https:\/\/sgpsolucoes.com.br\/site\/wp-json\/wp\/v2\/categories?post=9838"},{"taxonomy":"post_tag","embeddable":true,"href":"https:\/\/sgpsolucoes.com.br\/site\/wp-json\/wp\/v2\/tags?post=9838"}],"curies":[{"name":"wp","href":"https:\/\/api.w.org\/{rel}","templated":true}]}}