{"id":9841,"date":"2025-04-01T15:41:31","date_gmt":"2025-04-01T18:41:31","guid":{"rendered":"https:\/\/sgpsolucoes.com.br\/site\/?p=9841"},"modified":"2025-04-01T15:41:32","modified_gmt":"2025-04-01T18:41:32","slug":"obra-em-homenagem-ao-ministro-ricardo-villas-boas-cueva-sera-lancada-dia-8-de-abril","status":"publish","type":"post","link":"https:\/\/sgpsolucoes.com.br\/site\/obra-em-homenagem-ao-ministro-ricardo-villas-boas-cueva-sera-lancada-dia-8-de-abril\/","title":{"rendered":"Obra em homenagem ao ministro Ricardo Villas B\u00f4as Cueva ser\u00e1 lan\u00e7ada dia 8 de abril"},"content":{"rendered":"<p>\u200bO Espa\u00e7o Cultural STJ ser\u00e1 palco, no dia 8 de abril, do lan\u00e7amento da cole\u00e7\u00e3o&nbsp;<em>Liber Amicorum: Homenagem aos 13 Anos de Atua\u00e7\u00e3o do Ministro Ricardo Villas B\u00f4as Cueva na Corte da Cidadania.&nbsp;<\/em>O evento ocorrer\u00e1 das 18h30 \u00e0s 21h, no mezanino do Edif\u00edcio dos Plen\u00e1rios.<\/p><p>Coordenada por Ana Fraz\u00e3o, Eronides Aparecido Rodrigues dos Santos, Marcus Vinicius Kiyoshi Onodera, Oreste Nestor de Souza Laspro e Wilson Furtado Roberto, a obra, dividida em dois volumes, re\u00fane trabalhos de um seleto grupo de operadores do direito que destacam as contribui\u00e7\u00f5es de Ricardo Villas B\u00f4as Cueva para o pensamento jur\u00eddico nacional. O pref\u00e1cio do livro \u00e9 assinado pelo jurista Tercio Sampaio Ferraz Junior.<\/p><p>A cole\u00e7\u00e3o tem o prop\u00f3sito de celebrar a trajet\u00f3ria do ministro e suas valiosas contribui\u00e7\u00f5es ao Poder Judici\u00e1rio brasileiro,&nbsp;refor\u00e7ando a atua\u00e7\u00e3o do magistrado na constru\u00e7\u00e3o de uma jurisprud\u00eancia moderna e alinhada com os desafios da era digital, com entendimentos inovadores no direito civil, no direito empresarial e na prote\u00e7\u00e3o de dados.<\/p><p>Os profissionais de imprensa (foto e v\u00eddeo) interessados em cobrir o evento devem se credenciar previamente, enviando nome, CPF e identifica\u00e7\u00e3o do ve\u00edculo para&nbsp;<a href=\"mailto:imprensa@stj.jus.br\">imprensa@stj.jus.br<\/a>.<\/p><p>Informa\u00e7\u00f5es adicionais sobre o lan\u00e7amento podem ser obtidas nos telefones (61) 3319-8521 \/ 8169 \/ 8460.<\/p><p><strong>Fonte: STJ<\/strong><\/p>\n    <div class=\"xs_social_share_widget xs_share_url after_content \t\tmain_content  wslu-style-1 wslu-share-box-shaped wslu-fill-colored wslu-none wslu-share-horizontal wslu-theme-font-no wslu-main_content\">\n\n\t\t\n        <ul>\n\t\t\t        <\/ul>\n    <\/div> \n","protected":false},"excerpt":{"rendered":"<p>\u200bO Espa\u00e7o Cultural STJ ser\u00e1 palco, no dia 8 de abril, do lan\u00e7amento da cole\u00e7\u00e3o\u00a0Liber Amicorum: Homenagem aos 13 Anos de Atua\u00e7\u00e3o do Ministro Ricardo Villas B\u00f4as Cueva na Corte da Cidadania.\u00a0O evento ocorrer\u00e1 das 18h30 \u00e0s 21h, no mezanino do Edif\u00edcio dos Plen\u00e1rios.<\/p>\n","protected":false},"author":5,"featured_media":9842,"comment_status":"open","ping_status":"open","sticky":false,"template":"","format":"standard","meta":{"postBodyCss":"","postBodyMargin":[],"postBodyPadding":[],"postBodyBackground":{"backgroundType":"classic","gradient":""},"_price":"","_stock":"","_tribe_ticket_header":"","_tribe_default_ticket_provider":"","_tribe_ticket_capacity":"0","_ticket_start_date":"","_ticket_end_date":"","_tribe_ticket_show_description":"","_tribe_ticket_show_not_going":false,"_tribe_ticket_use_global_stock":"","_tribe_ticket_global_stock_level":"","_global_stock_mode":"","_global_stock_cap":"","_tribe_rsvp_for_event":"","_tribe_ticket_going_count":"","_tribe_ticket_not_going_count":"","_tribe_tickets_list":"[]","_tribe_ticket_has_attendee_info_fields":false,"footnotes":""},"categories":[46],"tags":[7999,7993,7996,7998,8001,8000,1931,439,7197,7995,1460,7997,220,7994],"class_list":["post-9841","post","type-post","status-publish","format-standard","has-post-thumbnail","hentry","category-noticias","tag-13-anos","tag-8-de-abril","tag-atuacao","tag-colecao","tag-corte-da-cidadania","tag-edificio-dos-plenarios","tag-espaco-cultural-stj","tag-homenagem","tag-lancamento","tag-liber-amicorum","tag-ministro","tag-ministro-ricardo-villas-boas-cueva","tag-obra","tag-ricardo-villas-boas-cueva"],"acf":[],"_links":{"self":[{"href":"https:\/\/sgpsolucoes.com.br\/site\/wp-json\/wp\/v2\/posts\/9841"}],"collection":[{"href":"https:\/\/sgpsolucoes.com.br\/site\/wp-json\/wp\/v2\/posts"}],"about":[{"href":"https:\/\/sgpsolucoes.com.br\/site\/wp-json\/wp\/v2\/types\/post"}],"author":[{"embeddable":true,"href":"https:\/\/sgpsolucoes.com.br\/site\/wp-json\/wp\/v2\/users\/5"}],"replies":[{"embeddable":true,"href":"https:\/\/sgpsolucoes.com.br\/site\/wp-json\/wp\/v2\/comments?post=9841"}],"version-history":[{"count":0,"href":"https:\/\/sgpsolucoes.com.br\/site\/wp-json\/wp\/v2\/posts\/9841\/revisions"}],"wp:featuredmedia":[{"embeddable":true,"href":"https:\/\/sgpsolucoes.com.br\/site\/wp-json\/wp\/v2\/media\/9842"}],"wp:attachment":[{"href":"https:\/\/sgpsolucoes.com.br\/site\/wp-json\/wp\/v2\/media?parent=9841"}],"wp:term":[{"taxonomy":"category","embeddable":true,"href":"https:\/\/sgpsolucoes.com.br\/site\/wp-json\/wp\/v2\/categories?post=9841"},{"taxonomy":"post_tag","embeddable":true,"href":"https:\/\/sgpsolucoes.com.br\/site\/wp-json\/wp\/v2\/tags?post=9841"}],"curies":[{"name":"wp","href":"https:\/\/api.w.org\/{rel}","templated":true}]}}