{"id":9872,"date":"2025-04-01T17:59:11","date_gmt":"2025-04-01T20:59:11","guid":{"rendered":"https:\/\/sgpsolucoes.com.br\/site\/?p=9872"},"modified":"2025-04-01T17:59:12","modified_gmt":"2025-04-01T20:59:12","slug":"tcmgo-disponibilizada-a-edicao-no-4-do-informativo-biblioteca","status":"publish","type":"post","link":"https:\/\/sgpsolucoes.com.br\/site\/tcmgo-disponibilizada-a-edicao-no-4-do-informativo-biblioteca\/","title":{"rendered":"TCMGO: Disponibilizada a edi\u00e7\u00e3o n\u00ba 4 do Informativo Biblioteca"},"content":{"rendered":"<figure class=\"wp-block-image size-full is-resized\"><img fetchpriority=\"high\" decoding=\"async\" width=\"750\" height=\"149\" src=\"https:\/\/sgpsolucoes.com.br\/site\/wp-content\/uploads\/2025\/04\/informativo-biblioteca-2-750x149-2-1.png\" alt=\"\" class=\"wp-image-9876\" style=\"width:840px;height:auto\" srcset=\"https:\/\/sgpsolucoes.com.br\/site\/wp-content\/uploads\/2025\/04\/informativo-biblioteca-2-750x149-2-1.png 750w, https:\/\/sgpsolucoes.com.br\/site\/wp-content\/uploads\/2025\/04\/informativo-biblioteca-2-750x149-2-1-300x60.png 300w, https:\/\/sgpsolucoes.com.br\/site\/wp-content\/uploads\/2025\/04\/informativo-biblioteca-2-750x149-2-1-600x119.png 600w\" sizes=\"(max-width: 750px) 100vw, 750px\" \/><\/figure><p><strong>01 de abril de 2025&nbsp;&nbsp;&nbsp;&nbsp;&nbsp;&nbsp;&nbsp;&nbsp; n. 4<\/strong><\/p><p><strong>\u25ba\u25ba\u25ba&nbsp;NOT\u00cdCIAS<\/strong><\/p><p><strong><a rel=\"noreferrer noopener\" target=\"_blank\" href=\"https:\/\/irbcontas.org.br\/comite-de-jurisprudencia-e-processo-do-irb-discute-uniformizacao-processual-dos-tribunais-de-contas\/\">Comit\u00ea de Jurisprud\u00eancia e Processo do IRB discute uniformiza\u00e7\u00e3o processual dos Tribunais de Contas<\/a><\/strong><\/p><p>Fonte: IRB (28.03)<\/p><p><strong><a rel=\"noreferrer noopener\" target=\"_blank\" href=\"https:\/\/portal.tcu.gov.br\/imprensa\/noticias\/brasil-enfrenta-desafios-para-alcancar-igualdade-de-genero-em-cargos-de-lideranca-no-setor-publico\">Brasil enfrenta desafios para alcan\u00e7ar igualdade de g\u00eanero em cargos de lideran\u00e7a no setor p\u00fablico<\/a><\/strong><\/p><p>Fonte: TCU (28.03)<\/p><p><strong><a rel=\"noreferrer noopener\" target=\"_blank\" href=\"https:\/\/irbcontas.org.br\/decimo-encontro-virtual-de-boas-praticas-em-gestao-de-pessoas-do-irb-abordara-como-tema-saude-mental\/\">D\u00e9cimo Encontro Virtual de Boas Pr\u00e1ticas em Gest\u00e3o de Pessoas do IRB abordar\u00e1 como tema sa\u00fade mental<\/a><\/strong><\/p><p>Fonte: IRB (27.03)<\/p><p><strong><a rel=\"noreferrer noopener\" target=\"_blank\" href=\"https:\/\/atricon.org.br\/vigia-ferramenta-de-inteligencia-artificial-do-tce-sc-concorre-a-premio-nacional-de-inovacao\/\">VigIA, ferramenta de intelig\u00eancia artificial do TCE-SC, concorre a pr\u00eamio nacional de inova\u00e7\u00e3o<\/a><\/strong><\/p><p>Fonte: Atricon (26.03)<\/p><p><strong><a rel=\"noreferrer noopener\" target=\"_blank\" href=\"https:\/\/www.camara.leg.br\/noticias\/1143800-camara-lanca-livro-sobre-mudancas-na-lei-de-improbidade-administrativa\/\">C\u00e2mara lan\u00e7a livro sobre mudan\u00e7as na Lei de Improbidade Administrativa<\/a><\/strong><\/p><p>Fonte: C\u00e2mara (25.03)<\/p><p><strong><a rel=\"noreferrer noopener\" target=\"_blank\" href=\"https:\/\/irbcontas.org.br\/irb-e-entidades-do-controle-externo-lancam-nota-conjunta-sobre-acessibilidade-e-inclusao\/\">IRB e entidades do Controle Externo lan\u00e7am Nota Conjunta sobre acessibilidade e inclus\u00e3o<\/a><\/strong><\/p><p>Fonte: IRB (21.03)<\/p><p><strong><a rel=\"noreferrer noopener\" target=\"_blank\" href=\"https:\/\/irbcontas.org.br\/3o-encontro-nacional-de-auditoria-financeira-dos-tribunais-de-contas-do-brasil-esta-com-inscricoes-abertas\/\">3\u00ba Encontro Nacional de Auditoria Financeira dos Tribunais de Contas do Brasil est\u00e1 com inscri\u00e7\u00f5es abertas<\/a><\/strong><\/p><p>Fonte: IRB (21.03)<\/p><p><strong><a rel=\"noreferrer noopener\" target=\"_blank\" href=\"https:\/\/irbcontas.org.br\/inscricoes-para-o-ix-congresso-internacional-de-controle-e-politicas-publicas-ja-estao-disponiveis\/\">Inscri\u00e7\u00f5es para o IX Congresso Internacional de Controle e Pol\u00edticas P\u00fablicas j\u00e1 est\u00e3o dispon\u00edveis<\/a><\/strong><\/p><p>Fonte: IRB (20.03)<\/p><p><strong><a rel=\"noreferrer noopener\" target=\"_blank\" href=\"https:\/\/irbcontas.org.br\/comite-tecnico-do-irb-planeja-acoes-estrategicas-para-aperfeicoamento-da-gestao-de-pessoas-nos-tribunais-de-contas\/\">Comit\u00ea T\u00e9cnico do IRB planeja a\u00e7\u00f5es estrat\u00e9gicas para aperfei\u00e7oamento da Gest\u00e3o de Pessoas nos Tribunais de Contas<\/a><\/strong><\/p><p>Fonte: IRB (20.03)<\/p><p><strong><a rel=\"noreferrer noopener\" target=\"_blank\" href=\"https:\/\/atricon.org.br\/especialista-da-petrobras-em-compliance-e-governanca-realiza-palestra-no-tcm-go\/\">Especialista da Petrobras em Compliance e Governan\u00e7a realiza palestra no TCM-GO<\/a><\/strong><\/p><p>Fonte: Atricon (18.03)<\/p><p><strong><a rel=\"noreferrer noopener\" target=\"_blank\" href=\"https:\/\/portal.tcu.gov.br\/imprensa\/noticias\/tribunal-realiza-analise-comparativa-das-normas-e-condicoes-de-teletrabalho-da-administracao-publica\">Tribunal realiza an\u00e1lise comparativa das normas e condi\u00e7\u00f5es de teletrabalho da administra\u00e7\u00e3o p\u00fablica<\/a><\/strong><\/p><p>Fonte: TCU (17.03)<\/p><p><strong><a rel=\"noreferrer noopener\" target=\"_blank\" href=\"https:\/\/portal.tcu.gov.br\/imprensa\/noticias\/falta-de-publicidade-pelos-orgaos-publicos-diminui-transparencia-e-dificulta-controle-social\">Falta de publicidade pelos \u00f3rg\u00e3os p\u00fablicos diminui transpar\u00eancia e dificulta controle social<\/a><\/strong><\/p><p>Fonte: TCU (14.03)<\/p><p><strong><a rel=\"noreferrer noopener\" target=\"_blank\" href=\"https:\/\/irbcontas.org.br\/comite-tecnico-do-irb-define-acoes-voltadas-para-estimular-a-fiscalizacao-dos-tribunais-de-contas-em-seguranca-publica\/\">Comit\u00ea T\u00e9cnico do IRB define a\u00e7\u00f5es voltadas para estimular a fiscaliza\u00e7\u00e3o dos Tribunais de Contas em seguran\u00e7a p\u00fablica<\/a><\/strong><\/p><p>Fonte: IRB (13.03)<\/p><p><strong><a rel=\"noreferrer noopener\" target=\"_blank\" href=\"https:\/\/irbcontas.org.br\/comite-tecnico-de-gestao-de-pessoas-do-irb-discute-acoes-estrategicas-para-2025\/\">Comit\u00ea T\u00e9cnico de Gest\u00e3o de Pessoas do IRB discute a\u00e7\u00f5es estrat\u00e9gicas para 2025<\/a><\/strong><\/p><p>Fonte: IRB (11.03)<\/p><p><strong><a rel=\"noreferrer noopener\" target=\"_blank\" href=\"https:\/\/irbcontas.org.br\/livro-publicado-pelo-irb-e-o-tce-go-sobre-desigualdades-na-primeira-infancia-repercute-na-imprensa-nacional\/\">Livro publicado pelo IRB e o TCE-GO sobre desigualdades na Primeira Inf\u00e2ncia repercute na imprensa nacional<\/a><\/strong><\/p><p>Fonte: IRB (07.03)<\/p><p><strong>\u25ba\u25ba\u25ba&nbsp;STF &amp; STJ<\/strong><\/p><p><strong><u><a rel=\"noreferrer noopener\" target=\"_blank\" href=\"https:\/\/www.stj.jus.br\/sites\/portalp\/Paginas\/Comunicacao\/Noticias\/2025\/17032025-1o-Simposio-Internacional-de-Inovacao-em-Bibliotecas-comeca-dia-31-de-marco-no-STJ-.aspx\">1\u00ba Simp\u00f3sio Internacional de Inova\u00e7\u00e3o em Bibliotecas come\u00e7a dia 31 de mar\u00e7o no STJ<\/a><\/u><\/strong><\/p><p>Fonte: STJ (17.03)<\/p><p><strong><a rel=\"noreferrer noopener\" target=\"_blank\" href=\"https:\/\/noticias.stf.jus.br\/postsnoticias\/stf-celebra-o-dia-do-bibliotecario-com-novo-sistema-de-pesquisa-na-biblioteca\/\">STF celebra o Dia do Bibliotec\u00e1rio com novo sistema de pesquisa na biblioteca<\/a><\/strong><\/p><p>Fonte: STF (12.03)<\/p><p><strong><a rel=\"noreferrer noopener\" target=\"_blank\" href=\"https:\/\/noticias.stf.jus.br\/postsnoticias\/supremo-ratifica-competencia-do-stj-para-julgar-membros-de-tribunais-de-contas-estaduais\/\">Supremo ratifica compet\u00eancia do STJ para julgar membros de tribunais de contas estaduais<\/a><\/strong><\/p><p>Fonte: STF (10.03)<\/p><p><strong><a rel=\"noreferrer noopener\" target=\"_blank\" href=\"https:\/\/noticias.stf.jus.br\/postsnoticias\/tribunais-de-contas-podem-julgar-prefeitos-que-ordenam-despesas-decide-stf\/\">Tribunais de contas podem julgar prefeitos que ordenam despesas, decide STF<\/a><\/strong><\/p><p>Fonte: STF (07.03)<\/p><p><strong>\u25ba\u25ba\u25ba&nbsp;RESOLU\u00c7\u00d5ES TCM \u2013 EMENTAS<\/strong><\/p><p><strong><u>\u25ba\u25ba&nbsp;RESOLU\u00c7\u00d5ES ADMINISTRATIVAS<\/u><\/strong><\/p><p><strong><a rel=\"noreferrer noopener\" target=\"_blank\" href=\"https:\/\/atosoficiais.com.br\/tcmgo\/resolucao-administrativa-n-10-2025-institui-o-regimento-interno-do-tribunal-de-contas-dos-municipios-do-estado-de-goias?origin=instituicao&amp;q=10\/2025\">RA 010\/25<\/a><\/strong><\/p><p>EMENTA: Institui o Regimento Interno do TCMGO.<\/p><p>DATA: 11.03.2025<\/p><p>NOTA: Revoga a RA n\u00ba 128\/23<\/p><p>PUBLICA\u00c7\u00c3O DOC: 2409, de 11.03.2025. p. 2<\/p><p>PUBLICA\u00c7\u00c3O DOC: 2414, de 17.03.2025. p. 2<\/p><p><strong><a rel=\"noreferrer noopener\" target=\"_blank\" href=\"https:\/\/atosoficiais.com.br\/tcmgo\/resolucao-administrativa-n-15-2025-regula-o-acesso-a-informacoes-e-a-aplicacao-da-lei-federal-no-12-527-de-18-de-novembro-de-2011-no-ambito-do-tribunal-de-contas-dos-municipios-do-estado-de-goias?origin=instituicao&amp;q=15\/20\">RA 015\/25<\/a><\/strong><\/p><p>EMENTA: Regula o acesso a informa\u00e7\u00f5es e a aplica\u00e7\u00e3o da&nbsp;<a rel=\"noreferrer noopener\" target=\"_blank\" href=\"https:\/\/www.planalto.gov.br\/ccivil_03\/_ato2011-2014\/2011\/lei\/l12527.htm\">Lei Federal n\u00ba 12.527\/11<\/a>, no \u00e2mbito do TCMGO.<\/p><p>DATA: 18.03.2025<\/p><p>PUBLICA\u00c7\u00c3O DOC: 2419, de 24.03.2025. p. 2<\/p><p>PUBLICA\u00c7\u00c3O DOC: 2421, de 26.03.2025. p. 52<\/p><p><strong><a rel=\"noreferrer noopener\" target=\"_blank\" href=\"https:\/\/atosoficiais.com.br\/tcmgo\/resolucao-administrativa-n-16-2025-institui-e-dispoe-sobre-os-modelos-de-flexibilizacao-do-trabalho-denominados-time-volante-e-free-la?origin=instituicao&amp;q=16\/2025\">RA 016\/25<\/a><\/strong><\/p><p>EMENTA: Institui e disp\u00f5e sobre os modelos de flexibiliza\u00e7\u00e3o do trabalho denominados<\/p><p>time volante e free-la.<\/p><p>DATA: 18.03.2025<\/p><p>PUBLICA\u00c7\u00c3O DOC: 2418, de 21.03.2025. p. 98<\/p><p><strong><u>\u25ba\u25ba&nbsp;AC-CON<\/u><\/strong><\/p><p><strong><a rel=\"noreferrer noopener\" target=\"_blank\" href=\"https:\/\/atosoficiais.com.br\/tcmgo\/acordao-consulta-n-3-2025-consulta-municipio-de-cristianopolis-acumulacao-de-dois-cargos-e-mandato-de-vereador-acumulacao-de-aposentadoria-com-mandato-de-vereador-requisitos-de-admissibilidade-preenchidos-conhecimento-da-c\">AC-CON 003\/25 \u2013 Poder Legislativo de Cristian\u00f3polis<\/a><\/strong><\/p><p>EMENTA: Acumula\u00e7\u00e3o de dois cargos e mandato de vereador. Acumula\u00e7\u00e3o de aposentadoria com mandato de vereador. Requisitos de admissibilidade preenchidos. Conhecimento da consulta. Possibilidade de acumula\u00e7\u00f5es. Ci\u00eancia ao interessado. Arquivamento.<\/p><p>DATA: 18.03.2025<\/p><p>PUBLICA\u00c7\u00c3O DOC: 2418, de 21.03.2025. p. 45<\/p><p><strong><a rel=\"noreferrer noopener\" target=\"_blank\" href=\"https:\/\/atosoficiais.com.br\/tcmgo\/acordao-consulta-n-4-2025-consulta-prorrogacao-de-contratos-decorrentes-de-dispensa-de-licitacao-com-fundamento-no-artigo-75-i-e-ii-da-lei-no-14-133-2021-valor-a-considerar-reajustamento-indice-oficial-formas-de-substituic\">AC-CON 004\/25 \u2013 Poder Executivo de Alto Horizonte<\/a><\/strong><\/p><p>EMENTA: Prorroga\u00e7\u00e3o de contratos decorrentes de dispensa de licita\u00e7\u00e3o com fundamento no artigo 75, I e II, da Lei n\u00ba 14.133\/2021. Valor a considerar. Reajustamento \u00edndice oficial. Formas de substitui\u00e7\u00e3o dos contratos. Justificativa de substitui\u00e7\u00e3o.<\/p><p>DATA: 25.03.2025<\/p><p>PUBLICA\u00c7\u00c3O DOC: 2422, de 27.03.2025. p. 20<\/p><p><strong>\u25ba\u25ba\u25baLEGISLA\u00c7\u00d5ES<\/strong><\/p><p><strong><u>\u25ba\u25ba&nbsp;FEDERAL<\/u><\/strong><\/p><p><strong><a rel=\"noreferrer noopener\" target=\"_blank\" href=\"https:\/\/www.planalto.gov.br\/ccivil_03\/_ato2023-2026\/2025\/decreto\/D12411.htm\">Decreto n\u00ba 12.411, de 14 de mar\u00e7o de 2025<\/a><\/strong><\/p><p>Disp\u00f5e sobre o Conselho Nacional dos Direitos da Pessoa com Defici\u00eancia. DOU de 17.03.2025.<\/p><p><strong><a rel=\"noreferrer noopener\" target=\"_blank\" href=\"https:\/\/www.planalto.gov.br\/ccivil_03\/_ato2023-2026\/2025\/decreto\/D12391.htm\">Decreto n\u00ba 12.391, de 28 de fevereiro de 2025<\/a><\/strong><\/p><p>Institui o Pacto Nacional pela Recomposi\u00e7\u00e3o das Aprendizagens (coopera\u00e7\u00e3o entre a Uni\u00e3o, os Estados, o Distrito Federal e os Munic\u00edpios). DOU de 05.03.2025<\/p><p><strong><u>\u25ba\u25ba&nbsp;ESTADUAL<\/u><\/strong><\/p><p><strong><a rel=\"noreferrer noopener\" target=\"_blank\" href=\"https:\/\/legisla.casacivil.go.gov.br\/pesquisa_legislacao\/110529\/decreto-10661\">Decreto n\u00ba 10.661, de 27 de mar\u00e7o de 2025<\/a><\/strong><\/p><p>Altera o&nbsp;<a rel=\"noreferrer noopener\" target=\"_blank\" href=\"https:\/\/legisla.casacivil.go.gov.br\/pesquisa_legislacao\/105643\/decreto-10092\">Decreto n\u00ba 10.092\/22<\/a>, que disp\u00f5e sobre a aplica\u00e7\u00e3o da Lei federal n\u00ba 13.709\/18, Lei Geral de Prote\u00e7\u00e3o de Dados Pessoais \u2013 LGPD, no \u00e2mbito da administra\u00e7\u00e3o p\u00fablica direta e indireta do Poder Executivo estadual. DOE de 27.03.2025 \u2013 Suplemento.<\/p><p><strong><a rel=\"noreferrer noopener\" target=\"_blank\" href=\"https:\/\/legisla.casacivil.go.gov.br\/pesquisa_legislacao\/110516\/lei-23290\">Lei n\u00ba 23.290, de 24 de mar\u00e7o de 2025<\/a><\/strong><\/p><p>Estabelece as diretrizes gerais para a prorroga\u00e7\u00e3o e a relicita\u00e7\u00e3o dos contratos de parceria entre o Estado de Goi\u00e1s e a iniciativa privada. DOE de 25.032025 \u2013 Suplemento.<\/p><p><strong><a rel=\"noreferrer noopener\" target=\"_blank\" href=\"https:\/\/legisla.casacivil.go.gov.br\/pesquisa_legislacao\/110518\/lei-23292\">Lei n\u00ba 23.292, de 24 de mar\u00e7o de 2025<\/a><\/strong><\/p><p>Estabelece o valor a ser considerado para as contrata\u00e7\u00f5es de grande vulto no Estado de Goi\u00e1s. DOE de 27.03.2025 \u2013 Suplemento.<\/p><p><strong><u>\u25ba\u25ba&nbsp;MUNIC\u00cdPIO DE GOI\u00c2NIA<\/u><\/strong><\/p><p><strong><a rel=\"noreferrer noopener\" target=\"_blank\" href=\"https:\/\/www.goiania.go.gov.br\/html\/gabinete_civil\/sileg\/dados\/legis\/2025\/lo_20250320_000011352.html\">Lei n\u00ba 11.352, de 20 de mar\u00e7o de 2025<\/a><\/strong><\/p><p>Altera a&nbsp;<a rel=\"noreferrer noopener\" target=\"_blank\" href=\"https:\/\/www.goiania.go.gov.br\/html\/gabinete_civil\/sileg\/dados\/legis\/2024\/lo_20241107_000011269.html\">Lei n\u00ba 11.269\/24<\/a>, que institui e disciplina o Programa de Recupera\u00e7\u00e3o de Cr\u00e9ditos Tribut\u00e1rios, Fiscais e N\u00e3o Tribut\u00e1rios e autoriza a participa\u00e7\u00e3o do Munic\u00edpio de Goi\u00e2nia na XIX Semana Nacional de Concilia\u00e7\u00e3o, referente ao exerc\u00edcio fiscal de 2024, para autorizar a participa\u00e7\u00e3o do Munic\u00edpio na Semana Nacional de Regulariza\u00e7\u00e3o Tribut\u00e1ria do exerc\u00edcio fiscal de 2025. DOM de 20.03.2025<\/p><p><strong><a rel=\"noreferrer noopener\" target=\"_blank\" href=\"https:\/\/www.goiania.go.gov.br\/html\/gabinete_civil\/sileg\/dados\/legis\/2025\/dc_20250307_000001302.pdf\">Decreto n\u00ba 1.302, de 7 de mar\u00e7o de 2025<\/a><\/strong><\/p><p>Disp\u00f5e sobre o cancelamento de inscri\u00e7\u00f5es de despesas em restos a pagar no \u00e2mbito do Fundo Municipal de Manuten\u00e7\u00e3o e Desenvolvimento do Ensino \u2013 FMMDE. DOM de 07.03.2025<\/p><p><strong>\u25ba\u25ba\u25baJURISPRUD\u00caNCIA ESTADUAL<\/strong><\/p><p>EMENTA: APELA\u00c7\u00c3O C\u00cdVEL. MANDADO DE SEGURAN\u00c7A. INOVA\u00c7\u00c3O RECURSAL. REVELIA. INAPLICABILIDADE DOS EFEITOS EM FACE DA FAZENDA P\u00daBLICA. APOSENTADORIA ESPECIAL. RECONHECIMENTO DE TEMPO DE SERVI\u00c7O COMO ESPECIAL. NECESSIDADE DE DILA\u00c7\u00c3O PROBAT\u00d3RIA. SENTEN\u00c7A MANTIDA (APCV 5610734-92.2023; APELANTE: EDILEUZA DIVINA PEREIRA FERREIRA; APELADOS: TRIBUNAL DE CONTAS DOS MUNIC\u00cdPIOS DO ESTADO DE GOI\u00c1S E OUTRO; DJ DE 25.03.2025).<\/p><p>EMENTA: DIREITO ADMINISTRATIVO. APELA\u00c7\u00c3O C\u00cdVEL. A\u00c7\u00c3O ANULAT\u00d3RIA DE ATO ADMINISTRATIVO. MULTAS APLICADAS PELO TRIBUNAL DE CONTAS DOS MUNIC\u00cdPIOS. AMPLA DEFESA E CONTRADIT\u00d3RIO. CASSA\u00c7\u00c3O DA SENTEN\u00c7A. RECURSO PREJUDICADO (APCV 0219452-13.2012; APELANTE: ESTADO DE GOI\u00c1S; APELADO: JACOB FERREIRA; DJ DE 24.03.2025).<\/p><p>EMENTA: DIREITO ADMINISTRATIVO. APELA\u00c7\u00c3O C\u00cdVEL. A\u00c7\u00c3O DECLARAT\u00d3RIA DE NULIDADE DE ATO ADMINISTRATIVO. AC\u00d3RD\u00c3O DO TRIBUNAL DE CONTAS DOS MUNIC\u00cdPIOS. PRESCRI\u00c7\u00c3O QUINQUENAL. IMPOSSIBILIDADE DE RECONHECIMENTO DA IMPRESCRITIBILIDADE. DESPROVIMENTO (APCV 5799746-21.2023; APELANTE: MARIA ODET DE OLIVEIRA; APELADO: ESTADO DE GOIAS; DJ DE 14.03.2025).<\/p><p>EMENTA: DIREITO FINANCEIRO. AGRAVO DE INSTRUMENTO. EXECU\u00c7\u00c3O FISCAL. LEGITIMIDADE ATIVA DO ESTADO PARA COBRAN\u00c7A DE MULTA APLICADA PELO TRIBUNAL DE CONTAS DOS MUNIC\u00cdPIOS. TEMA 642 STF. NECESSIDADE DE DILA\u00c7\u00c3O PROBAT\u00d3RIA. IMPOSSIBILIDADE DE AN\u00c1LISE EM SEDE DE EXCE\u00c7\u00c3O DE PR\u00c9-EXECUTIVIDADE. RECURSO DESPROVIDO (AGR. INST. 5062572-86.2025; AGRAVANTE\/EXECUTADO: PEDRO FERNANDO SAHIUM; AGRAVADO\/EXEQUENTE: ESTADO DE GOI\u00c1S; DJ DE 13.03.2025).<\/p><p>EMENTA: DIREITO PROCESSUAL CIVIL. A\u00c7\u00c3O RESCIS\u00d3RIA. IMPROBIDADE ADMINISTRATIVA. CONTAS JULGADAS PELO TRIBUNAL DE CONTAS DOS MUNIC\u00cdPIOS\/GO. PROVA NOVA. A\u00c7\u00c3O RESCIS\u00d3RIA CONHECIDA E JULGADA IMPROCEDENTE (A\u00c7\u00c3O RESCIS\u00d3RIA N\u00ba 5252337-07.2024; AUTOR: ERNESTO VILELA REZENDE; R\u00c9U: MINIST\u00c9RIO P\u00daBLICO DO ESTADO DE GOI\u00c1S; DJ DE 10.03.2025).<\/p><p><strong>Fonte: TCMGO<\/strong><\/p>\n    <div class=\"xs_social_share_widget xs_share_url after_content \t\tmain_content  wslu-style-1 wslu-share-box-shaped wslu-fill-colored wslu-none wslu-share-horizontal wslu-theme-font-no wslu-main_content\">\n\n\t\t\n        <ul>\n\t\t\t        <\/ul>\n    <\/div> \n","protected":false},"excerpt":{"rendered":"<p>TCMGO: Disponibilizada a edi\u00e7\u00e3o n\u00ba 4 do Informativo Biblioteca<\/p>\n","protected":false},"author":5,"featured_media":9873,"comment_status":"open","ping_status":"open","sticky":false,"template":"","format":"standard","meta":{"postBodyCss":"","postBodyMargin":[],"postBodyPadding":[],"postBodyBackground":{"backgroundType":"classic","gradient":""},"_price":"","_stock":"","_tribe_ticket_header":"","_tribe_default_ticket_provider":"","_tribe_ticket_capacity":"0","_ticket_start_date":"","_ticket_end_date":"","_tribe_ticket_show_description":"","_tribe_ticket_show_not_going":false,"_tribe_ticket_use_global_stock":"","_tribe_ticket_global_stock_level":"","_global_stock_mode":"","_global_stock_cap":"","_tribe_rsvp_for_event":"","_tribe_ticket_going_count":"","_tribe_ticket_not_going_count":"","_tribe_tickets_list":"[]","_tribe_ticket_has_attendee_info_fields":false,"footnotes":""},"categories":[46],"tags":[8068,8066,8067,5144],"class_list":["post-9872","post","type-post","status-publish","format-standard","has-post-thumbnail","hentry","category-noticias","tag-01-de-abril-de-2025","tag-edicao-no-4","tag-informativo-biblioteca","tag-tcmgo"],"acf":[],"_links":{"self":[{"href":"https:\/\/sgpsolucoes.com.br\/site\/wp-json\/wp\/v2\/posts\/9872"}],"collection":[{"href":"https:\/\/sgpsolucoes.com.br\/site\/wp-json\/wp\/v2\/posts"}],"about":[{"href":"https:\/\/sgpsolucoes.com.br\/site\/wp-json\/wp\/v2\/types\/post"}],"author":[{"embeddable":true,"href":"https:\/\/sgpsolucoes.com.br\/site\/wp-json\/wp\/v2\/users\/5"}],"replies":[{"embeddable":true,"href":"https:\/\/sgpsolucoes.com.br\/site\/wp-json\/wp\/v2\/comments?post=9872"}],"version-history":[{"count":0,"href":"https:\/\/sgpsolucoes.com.br\/site\/wp-json\/wp\/v2\/posts\/9872\/revisions"}],"wp:featuredmedia":[{"embeddable":true,"href":"https:\/\/sgpsolucoes.com.br\/site\/wp-json\/wp\/v2\/media\/9873"}],"wp:attachment":[{"href":"https:\/\/sgpsolucoes.com.br\/site\/wp-json\/wp\/v2\/media?parent=9872"}],"wp:term":[{"taxonomy":"category","embeddable":true,"href":"https:\/\/sgpsolucoes.com.br\/site\/wp-json\/wp\/v2\/categories?post=9872"},{"taxonomy":"post_tag","embeddable":true,"href":"https:\/\/sgpsolucoes.com.br\/site\/wp-json\/wp\/v2\/tags?post=9872"}],"curies":[{"name":"wp","href":"https:\/\/api.w.org\/{rel}","templated":true}]}}