{"id":9900,"date":"2025-04-02T17:39:35","date_gmt":"2025-04-02T20:39:35","guid":{"rendered":"https:\/\/sgpsolucoes.com.br\/site\/?p=9900"},"modified":"2025-04-02T17:39:37","modified_gmt":"2025-04-02T20:39:37","slug":"stf-suspende-reintegracao-de-posse-em-complexo-de-fazendas-em-maraba-pa","status":"publish","type":"post","link":"https:\/\/sgpsolucoes.com.br\/site\/stf-suspende-reintegracao-de-posse-em-complexo-de-fazendas-em-maraba-pa\/","title":{"rendered":"STF suspende reintegra\u00e7\u00e3o de posse em complexo de fazendas em Marab\u00e1 (PA)"},"content":{"rendered":"<p><em><strong>\u00c1rea ocupada abriga mais de 200 fam\u00edlias em situa\u00e7\u00e3o de vulnerabilidade<\/strong><\/em><\/p><figure class=\"wp-block-image\"><img decoding=\"async\" src=\"https:\/\/noticias-stf-wp-prd.s3.sa-east-1.amazonaws.com\/wp-content\/uploads\/wpallimport\/uploads\/2024\/08\/14092926\/2010-02-02-Fachada-do-anexo-II-Dettmar-013.jpg\" alt=\"Detalhe da fachada do anexo 2 do STF, com vidra\u00e7as refletindo o ambiente ao redor\"\/><\/figure><p>O ministro Nunes Marques, do Supremo Tribunal Federal (STF), suspendeu a reintegra\u00e7\u00e3o de posse de \u00e1rea ocupada desde 2019 por mais de 200 fam\u00edlias em um complexo formado por quatro fazendas no Munic\u00edpio de Marab\u00e1 (PA). A liminar (decis\u00e3o provis\u00f3ria e urgente) foi concedida na Reclama\u00e7\u00e3o&nbsp;<strong><a href=\"https:\/\/portal.stf.jus.br\/processos\/detalhe.asp?incidente=7208320\" target=\"_blank\" rel=\"noreferrer noopener\">(Rcl) 77740<\/a><\/strong>.<\/p><p>Autora da a\u00e7\u00e3o no STF, a Defensoria P\u00fablica do Estado do Par\u00e1 (DPE-PA) alega que a decis\u00e3o da Vara Agr\u00e1ria de Marab\u00e1, ao determinar a reintegra\u00e7\u00e3o de posse contra v\u00e1rias fam\u00edlias em situa\u00e7\u00e3o de vulnerabilidade, n\u00e3o obedeceu ao regime de transi\u00e7\u00e3o para a retomada de ocupa\u00e7\u00f5es coletivas institu\u00eddo pelo STF na Argui\u00e7\u00e3o de Descumprimento de Preceito Fundamental (ADPF) 828.<\/p><p>No regime fixado pelo STF, entre outras medidas, est\u00e3o a instala\u00e7\u00e3o de comiss\u00f5es de conflitos fundi\u00e1rios pelos Tribunais de Justi\u00e7a e a realiza\u00e7\u00e3o de inspe\u00e7\u00f5es judiciais e audi\u00eancias de media\u00e7\u00e3o. As remo\u00e7\u00f5es devem ter aviso pr\u00e9vio, prazo razo\u00e1vel para desocupa\u00e7\u00e3o e encaminhamento dos desabrigados para habita\u00e7\u00f5es que respeitem o direito \u00e0 moradia, sem separar fam\u00edlias.<\/p><p>No caso dos autos, a Justi\u00e7a do Par\u00e1 havia determinado ao Instituto Nacional de Coloniza\u00e7\u00e3o e Reforma Agr\u00e1ria (Incra) a efetiva\u00e7\u00e3o de dep\u00f3sito judicial de R$ 80 milh\u00f5es, at\u00e9 15\/3\/2025, referente \u00e0 proposta de aquisi\u00e7\u00e3o da \u00e1rea em conflito, localizada no Complexo Miranda ou Complexo P\u00e9 de Pequi. Caso essa provid\u00eancia n\u00e3o se concretizasse, a desocupa\u00e7\u00e3o deveria ocorrer nesta segunda-feira (31\/3).<\/p><h5 class=\"wp-block-heading\"><strong>Fam\u00edlias vulner\u00e1veis<\/strong><\/h5><p>Para o ministro Nunes Marques, apesar de a Justi\u00e7a estadual ter estabelecido uma s\u00e9rie de medidas para cumprir o regime de transi\u00e7\u00e3o determinado pelo STF, o prazo de 15 dias lhe pareceu muito curto para a para a realoca\u00e7\u00e3o de mais 200 fam\u00edlias.<\/p><p>Al\u00e9m disso, a seu ver, a urg\u00eancia para a concess\u00e3o de liminar estava evidenciada pela imin\u00eancia da desocupa\u00e7\u00e3o de fam\u00edlias vulner\u00e1veis em condi\u00e7\u00f5es potencialmente ofensivas a seus direitos constitucionais.<\/p><p>Leia a&nbsp;<strong><a href=\"https:\/\/portal.stf.jus.br\/processos\/downloadPeca.asp?id=15375399035&amp;ext=.pdf\" target=\"_blank\" rel=\"noreferrer noopener\">\u00edntegra da decis\u00e3o<\/a><\/strong>.<\/p><p><strong>Fonte: STF<\/strong><\/p>\n    <div class=\"xs_social_share_widget xs_share_url after_content \t\tmain_content  wslu-style-1 wslu-share-box-shaped wslu-fill-colored wslu-none wslu-share-horizontal wslu-theme-font-no wslu-main_content\">\n\n\t\t\n        <ul>\n\t\t\t        <\/ul>\n    <\/div> \n","protected":false},"excerpt":{"rendered":"<p>O ministro Nunes Marques, do Supremo Tribunal Federal (STF), suspendeu a reintegra\u00e7\u00e3o de posse de \u00e1rea ocupada desde 2019 por mais de 200 fam\u00edlias em um complexo formado por quatro fazendas no Munic\u00edpio de Marab\u00e1 (PA). A liminar (decis\u00e3o provis\u00f3ria e urgente) foi concedida na Reclama\u00e7\u00e3o\u00a0(Rcl) 77740.<\/p>\n","protected":false},"author":5,"featured_media":9901,"comment_status":"open","ping_status":"open","sticky":false,"template":"","format":"standard","meta":{"postBodyCss":"","postBodyMargin":[],"postBodyPadding":[],"postBodyBackground":{"backgroundType":"classic","gradient":""},"_price":"","_stock":"","_tribe_ticket_header":"","_tribe_default_ticket_provider":"","_tribe_ticket_capacity":"0","_ticket_start_date":"","_ticket_end_date":"","_tribe_ticket_show_description":"","_tribe_ticket_show_not_going":false,"_tribe_ticket_use_global_stock":"","_tribe_ticket_global_stock_level":"","_global_stock_mode":"","_global_stock_cap":"","_tribe_rsvp_for_event":"","_tribe_ticket_going_count":"","_tribe_ticket_not_going_count":"","_tribe_tickets_list":"[]","_tribe_ticket_has_attendee_info_fields":false,"footnotes":""},"categories":[46],"tags":[8102,8104,8105,8106,8103,347,348],"class_list":["post-9900","post","type-post","status-publish","format-standard","has-post-thumbnail","hentry","category-noticias","tag-200-familias","tag-complexo-de-fazendas","tag-maraba-pa","tag-reintegracao-de-posse","tag-situacao-de-vulnerabilidade","tag-stf","tag-supremo-tribunal-federal"],"acf":[],"_links":{"self":[{"href":"https:\/\/sgpsolucoes.com.br\/site\/wp-json\/wp\/v2\/posts\/9900"}],"collection":[{"href":"https:\/\/sgpsolucoes.com.br\/site\/wp-json\/wp\/v2\/posts"}],"about":[{"href":"https:\/\/sgpsolucoes.com.br\/site\/wp-json\/wp\/v2\/types\/post"}],"author":[{"embeddable":true,"href":"https:\/\/sgpsolucoes.com.br\/site\/wp-json\/wp\/v2\/users\/5"}],"replies":[{"embeddable":true,"href":"https:\/\/sgpsolucoes.com.br\/site\/wp-json\/wp\/v2\/comments?post=9900"}],"version-history":[{"count":0,"href":"https:\/\/sgpsolucoes.com.br\/site\/wp-json\/wp\/v2\/posts\/9900\/revisions"}],"wp:featuredmedia":[{"embeddable":true,"href":"https:\/\/sgpsolucoes.com.br\/site\/wp-json\/wp\/v2\/media\/9901"}],"wp:attachment":[{"href":"https:\/\/sgpsolucoes.com.br\/site\/wp-json\/wp\/v2\/media?parent=9900"}],"wp:term":[{"taxonomy":"category","embeddable":true,"href":"https:\/\/sgpsolucoes.com.br\/site\/wp-json\/wp\/v2\/categories?post=9900"},{"taxonomy":"post_tag","embeddable":true,"href":"https:\/\/sgpsolucoes.com.br\/site\/wp-json\/wp\/v2\/tags?post=9900"}],"curies":[{"name":"wp","href":"https:\/\/api.w.org\/{rel}","templated":true}]}}