{"id":9903,"date":"2025-04-02T17:42:45","date_gmt":"2025-04-02T20:42:45","guid":{"rendered":"https:\/\/sgpsolucoes.com.br\/site\/?p=9903"},"modified":"2025-04-02T17:42:46","modified_gmt":"2025-04-02T20:42:46","slug":"colecao-infanto-juvenil-palacios-da-democracia-sera-lancada-no-stf","status":"publish","type":"post","link":"https:\/\/sgpsolucoes.com.br\/site\/colecao-infanto-juvenil-palacios-da-democracia-sera-lancada-no-stf\/","title":{"rendered":"Cole\u00e7\u00e3o infanto-juvenil \u2018Pal\u00e1cios da Democracia\u2019 ser\u00e1 lan\u00e7ada no STF"},"content":{"rendered":"<p><em><strong>Evento acontece nesta quinta-feira (3) na biblioteca do Supremo<\/strong><\/em><\/p><p>O Supremo Tribunal Federal (STF) sediar\u00e1 o lan\u00e7amento da cole\u00e7\u00e3o \u201cPal\u00e1cios da Democracia\u201d, um conjunto de tr\u00eas livros que prop\u00f5e uma jornada l\u00fadica e informativa pelos pal\u00e1cios-sede dos Tr\u00eas Poderes da Rep\u00fablica: Pal\u00e1cio do Planalto, Congresso Nacional e STF. O evento ser\u00e1 realizado na quinta-feira (3\/4), na biblioteca do STF (Biblioteca Ministro Victor Nunes Leal).<\/p><p>Por meio de aventuras protagonizadas por personagens infanto-juvenis, a cole\u00e7\u00e3o explica o papel desses importantes espa\u00e7os institucionais. Com isso, o objetivo dos livros \u00e9 estimular o sentimento de pertencimento e a valoriza\u00e7\u00e3o do patrim\u00f4nio cultural brasileiro, al\u00e9m de fortalecer o entendimento das novas gera\u00e7\u00f5es sobre a import\u00e2ncia da democracia e do funcionamento das institui\u00e7\u00f5es republicanas. A iniciativa \u00e9 da editora Quereres.<\/p><p>A obra dedicada ao STF, intitulada \u201cA Casa da Justi\u00e7a\u201d, foi escrita pela jornalista Concei\u00e7\u00e3o Freitas e ilustrada por Mano Wladimir. A narrativa tem como protagonista Juju, uma personagem inspirada na escultura A Justi\u00e7a, que ganha vida e conduz os leitores por uma viagem de descobertas sobre a fun\u00e7\u00e3o da Suprema Corte e a relev\u00e2ncia da Constitui\u00e7\u00e3o Federal.<\/p><p>Os outros volumes da cole\u00e7\u00e3o abordam os demais pal\u00e1cios: \u201cCora\u00e7\u00e3o do Poder\u201d, sobre o Pal\u00e1cio do Planalto, escrito por Ot\u00e1vio J\u00fanior e ilustrado por Bruna Assis Brasil; e \u201cCart\u00e3o-postal\u201d, que explora o Congresso Nacional, com texto de Tino Freitas e ilustra\u00e7\u00f5es de Kleber Sales.<\/p><p><strong>Fonte: STF<\/strong><\/p>\n    <div class=\"xs_social_share_widget xs_share_url after_content \t\tmain_content  wslu-style-1 wslu-share-box-shaped wslu-fill-colored wslu-none wslu-share-horizontal wslu-theme-font-no wslu-main_content\">\n\n\t\t\n        <ul>\n\t\t\t        <\/ul>\n    <\/div> \n","protected":false},"excerpt":{"rendered":"<p>O Supremo Tribunal Federal (STF) sediar\u00e1 o lan\u00e7amento da cole\u00e7\u00e3o \u201cPal\u00e1cios da Democracia\u201d, um conjunto de tr\u00eas livros que prop\u00f5e uma jornada l\u00fadica e informativa pelos pal\u00e1cios-sede dos Tr\u00eas Poderes da Rep\u00fablica: Pal\u00e1cio do Planalto, Congresso Nacional e STF. O evento ser\u00e1 realizado na quinta-feira (3\/4), na biblioteca do STF (Biblioteca Ministro Victor Nunes Leal).<\/p>\n","protected":false},"author":5,"featured_media":9904,"comment_status":"open","ping_status":"open","sticky":false,"template":"","format":"standard","meta":{"postBodyCss":"","postBodyMargin":[],"postBodyPadding":[],"postBodyBackground":{"backgroundType":"classic","gradient":""},"_price":"","_stock":"","_tribe_ticket_header":"","_tribe_default_ticket_provider":"","_tribe_ticket_capacity":"0","_ticket_start_date":"","_ticket_end_date":"","_tribe_ticket_show_description":"","_tribe_ticket_show_not_going":false,"_tribe_ticket_use_global_stock":"","_tribe_ticket_global_stock_level":"","_global_stock_mode":"","_global_stock_cap":"","_tribe_rsvp_for_event":"","_tribe_ticket_going_count":"","_tribe_ticket_not_going_count":"","_tribe_tickets_list":"[]","_tribe_ticket_has_attendee_info_fields":false,"footnotes":""},"categories":[46],"tags":[8107,7750,8109,3893,8112,8110,8114,8111,8113,347,348,8108],"class_list":["post-9903","post","type-post","status-publish","format-standard","has-post-thumbnail","hentry","category-noticias","tag-biblioteca-do-supremo","tag-biblioteca-ministro-victor-nunes-leal","tag-colecao-infanto-juvenil","tag-congresso-nacional","tag-informativa","tag-jornada-ludica","tag-palacio-do-planalto","tag-palacios-da-democracia","tag-palacios-sede-dos-tres-poderes-da-republica","tag-stf","tag-supremo-tribunal-federal","tag-tres-livros"],"acf":[],"_links":{"self":[{"href":"https:\/\/sgpsolucoes.com.br\/site\/wp-json\/wp\/v2\/posts\/9903"}],"collection":[{"href":"https:\/\/sgpsolucoes.com.br\/site\/wp-json\/wp\/v2\/posts"}],"about":[{"href":"https:\/\/sgpsolucoes.com.br\/site\/wp-json\/wp\/v2\/types\/post"}],"author":[{"embeddable":true,"href":"https:\/\/sgpsolucoes.com.br\/site\/wp-json\/wp\/v2\/users\/5"}],"replies":[{"embeddable":true,"href":"https:\/\/sgpsolucoes.com.br\/site\/wp-json\/wp\/v2\/comments?post=9903"}],"version-history":[{"count":0,"href":"https:\/\/sgpsolucoes.com.br\/site\/wp-json\/wp\/v2\/posts\/9903\/revisions"}],"wp:featuredmedia":[{"embeddable":true,"href":"https:\/\/sgpsolucoes.com.br\/site\/wp-json\/wp\/v2\/media\/9904"}],"wp:attachment":[{"href":"https:\/\/sgpsolucoes.com.br\/site\/wp-json\/wp\/v2\/media?parent=9903"}],"wp:term":[{"taxonomy":"category","embeddable":true,"href":"https:\/\/sgpsolucoes.com.br\/site\/wp-json\/wp\/v2\/categories?post=9903"},{"taxonomy":"post_tag","embeddable":true,"href":"https:\/\/sgpsolucoes.com.br\/site\/wp-json\/wp\/v2\/tags?post=9903"}],"curies":[{"name":"wp","href":"https:\/\/api.w.org\/{rel}","templated":true}]}}