{"id":9906,"date":"2025-04-02T17:45:33","date_gmt":"2025-04-02T20:45:33","guid":{"rendered":"https:\/\/sgpsolucoes.com.br\/site\/?p=9906"},"modified":"2025-04-02T17:45:34","modified_gmt":"2025-04-02T20:45:34","slug":"stf-disponibiliza-transcricao-de-evento-sobre-inteligencia-artificial-e-constitucionalismo","status":"publish","type":"post","link":"https:\/\/sgpsolucoes.com.br\/site\/stf-disponibiliza-transcricao-de-evento-sobre-inteligencia-artificial-e-constitucionalismo\/","title":{"rendered":"STF disponibiliza transcri\u00e7\u00e3o de evento sobre Intelig\u00eancia Artificial e constitucionalismo"},"content":{"rendered":"<p><em><strong>\u00cdntegra do conte\u00fado est\u00e1 dispon\u00edvel no site do Supremo; presidente do STF anunciou a iniciativa no Plen\u00e1rio<\/strong><\/em><\/p><p>O presidente do Supremo Tribunal Federal (STF), ministro Lu\u00eds Roberto Barroso, anunciou no in\u00edcio da sess\u00e3o plen\u00e1ria desta quarta-feira (2) que a transcri\u00e7\u00e3o do evento \u201cImpactos da Intelig\u00eancia Artificial no Constitucionalismo Contempor\u00e2neo\u201d est\u00e1 dispon\u00edvel no site do Tribunal. Barroso destacou que, na ocasi\u00e3o, foi realizado um debate acad\u00eamico de alta qualidade e que agora o conte\u00fado est\u00e1 acess\u00edvel para quem tem interesse no tema.<\/p><p>Realizado no STF em 19 de agosto do ano passado, o evento contou com a abertura feita pelos ministros Lu\u00eds Roberto Barroso e Gilmar Mendes (decano). Em seguida, foram realizados os pain\u00e9is: \u201cIntelig\u00eancia Artificial Direitos e Democracia\u201d e \u201cPotencialidades e Riscos da Intelig\u00eancia Artificial: \u00c9tica e Regula\u00e7\u00e3o na Era Digital\u201d. Especialistas nacionais e internacionais participaram dos debates.<\/p><p>A transcri\u00e7\u00e3o e a publica\u00e7\u00e3o do evento buscam ampliar o di\u00e1logo construtivo sobre o tema e refor\u00e7a o compromisso do STF com a democratiza\u00e7\u00e3o do conhecimento jur\u00eddico e cient\u00edfico, a fim de assegurar o acesso do conte\u00fado debatido a diversos segmentos da sociedade civil.<\/p><p>O conte\u00fado pode ser acessado na&nbsp;<strong><a href=\"https:\/\/portal.stf.jus.br\/textos\/verTexto.asp?servico=publicacaoPublicacaoInstitucionalAberturaAno\" target=\"_blank\" rel=\"noreferrer noopener\">\u00e1rea de publica\u00e7\u00f5es institucionais no site do Supremo<\/a><\/strong>.<\/p><p>O evento teve o apoio do Instituto Brasileiro de Ensino, Desenvolvimento e Pesquisa (IDP) e do Bicenten\u00e1rio das Rela\u00e7\u00f5es Diplom\u00e1ticas entre os Estados Unidos e o Brasil.<\/p><p><strong>Fonte: STF<\/strong><\/p>\n    <div class=\"xs_social_share_widget xs_share_url after_content \t\tmain_content  wslu-style-1 wslu-share-box-shaped wslu-fill-colored wslu-none wslu-share-horizontal wslu-theme-font-no wslu-main_content\">\n\n\t\t\n        <ul>\n\t\t\t        <\/ul>\n    <\/div> \n","protected":false},"excerpt":{"rendered":"<p>O presidente do Supremo Tribunal Federal (STF), ministro Lu\u00eds Roberto Barroso, anunciou no in\u00edcio da sess\u00e3o plen\u00e1ria desta quarta-feira (2) que a transcri\u00e7\u00e3o do evento \u201cImpactos da Intelig\u00eancia Artificial no Constitucionalismo Contempor\u00e2neo\u201d est\u00e1 dispon\u00edvel no site do Tribunal. Barroso destacou que, na ocasi\u00e3o, foi realizado um debate acad\u00eamico de alta qualidade e que agora o conte\u00fado est\u00e1 acess\u00edvel para quem tem interesse no tema.<\/p>\n","protected":false},"author":5,"featured_media":9907,"comment_status":"open","ping_status":"open","sticky":false,"template":"","format":"standard","meta":{"postBodyCss":"","postBodyMargin":[],"postBodyPadding":[],"postBodyBackground":{"backgroundType":"classic","gradient":""},"_price":"","_stock":"","_tribe_ticket_header":"","_tribe_default_ticket_provider":"","_tribe_ticket_capacity":"0","_ticket_start_date":"","_ticket_end_date":"","_tribe_ticket_show_description":"","_tribe_ticket_show_not_going":false,"_tribe_ticket_use_global_stock":"","_tribe_ticket_global_stock_level":"","_global_stock_mode":"","_global_stock_cap":"","_tribe_rsvp_for_event":"","_tribe_ticket_going_count":"","_tribe_ticket_not_going_count":"","_tribe_tickets_list":"[]","_tribe_ticket_has_attendee_info_fields":false,"footnotes":""},"categories":[46],"tags":[8115,627,8118,8116,133,8119,347,348,8117],"class_list":["post-9906","post","type-post","status-publish","format-standard","has-post-thumbnail","hentry","category-noticias","tag-constitucionalismo","tag-evento","tag-impactos-da-inteligencia-artificial-no-constitucionalismo-contemporaneo","tag-integra","tag-inteligencia-artificial","tag-site-do-supremo","tag-stf","tag-supremo-tribunal-federal","tag-transcricao"],"acf":[],"_links":{"self":[{"href":"https:\/\/sgpsolucoes.com.br\/site\/wp-json\/wp\/v2\/posts\/9906"}],"collection":[{"href":"https:\/\/sgpsolucoes.com.br\/site\/wp-json\/wp\/v2\/posts"}],"about":[{"href":"https:\/\/sgpsolucoes.com.br\/site\/wp-json\/wp\/v2\/types\/post"}],"author":[{"embeddable":true,"href":"https:\/\/sgpsolucoes.com.br\/site\/wp-json\/wp\/v2\/users\/5"}],"replies":[{"embeddable":true,"href":"https:\/\/sgpsolucoes.com.br\/site\/wp-json\/wp\/v2\/comments?post=9906"}],"version-history":[{"count":0,"href":"https:\/\/sgpsolucoes.com.br\/site\/wp-json\/wp\/v2\/posts\/9906\/revisions"}],"wp:featuredmedia":[{"embeddable":true,"href":"https:\/\/sgpsolucoes.com.br\/site\/wp-json\/wp\/v2\/media\/9907"}],"wp:attachment":[{"href":"https:\/\/sgpsolucoes.com.br\/site\/wp-json\/wp\/v2\/media?parent=9906"}],"wp:term":[{"taxonomy":"category","embeddable":true,"href":"https:\/\/sgpsolucoes.com.br\/site\/wp-json\/wp\/v2\/categories?post=9906"},{"taxonomy":"post_tag","embeddable":true,"href":"https:\/\/sgpsolucoes.com.br\/site\/wp-json\/wp\/v2\/tags?post=9906"}],"curies":[{"name":"wp","href":"https:\/\/api.w.org\/{rel}","templated":true}]}}