{"id":9931,"date":"2025-04-02T18:53:20","date_gmt":"2025-04-02T21:53:20","guid":{"rendered":"https:\/\/sgpsolucoes.com.br\/site\/?p=9931"},"modified":"2025-04-02T18:53:22","modified_gmt":"2025-04-02T21:53:22","slug":"tcmsp-faz-alerta-a-smsub-sobre-licitacao-de-servicos-de-varricao","status":"publish","type":"post","link":"https:\/\/sgpsolucoes.com.br\/site\/tcmsp-faz-alerta-a-smsub-sobre-licitacao-de-servicos-de-varricao\/","title":{"rendered":"TCMSP faz alerta \u00e0 SMSUB sobre licita\u00e7\u00e3o de servi\u00e7os de varri\u00e7\u00e3o"},"content":{"rendered":"<p>Os conselheiros Presidente Domingos Dissei, vice-presidente Ricardo Torres, corregedor Roberto Braguim e Eduardo Tuma aprovaram na sess\u00e3o plen\u00e1ria do Tribunal de Contas do Munic\u00edpio de S\u00e3o Paulo (TCMSP) desta quarta-feira (02\/04), a proposta de emiss\u00e3o de alerta \u00e0 Secretaria Municipal das Subprefeituras (SMSUB) feita pelo conselheiro Jo\u00e3o Antonio da Silva Filho referente \u00e0 licita\u00e7\u00e3o dos servi\u00e7os de indivis\u00edveis de limpeza p\u00fablica \u2013 popularmente conhecidos como varri\u00e7\u00e3o \u2013 do munic\u00edpio de S\u00e3o Paulo.<\/p><p>Em rela\u00e7\u00e3o ao recente edital, a emiss\u00e3o do alerta recomenda:<\/p><p>1) A exclus\u00e3o da execu\u00e7\u00e3o dos contratos decorrentes do Preg\u00e3o Eletr\u00f4nico n\u00ba 048\/SMSUB\/COGEL\/2023 de qualquer disp\u00eandio relacionado \u00e0 destina\u00e7\u00e3o dos res\u00edduos provenientes dos servi\u00e7os objeto da presente licita\u00e7\u00e3o, em conformidade com as disposi\u00e7\u00f5es do item 7.2 do Anexo I do Termo Aditivo Modificativo (TAM) n\u00ba 06\/2024;<\/p><p>2) A transfer\u00eancia dos servi\u00e7os relativos \u00e0 coleta dos res\u00edduos provenientes dos contratos dos servi\u00e7os de indivis\u00edveis, popularmente conhecidos como varri\u00e7\u00e3o, aos contratos de Concess\u00e3o de divis\u00edveis de limpeza urbana (concess\u00e3o do lixo).<\/p><p><strong>Fonte: TCMSP<\/strong><\/p>\n    <div class=\"xs_social_share_widget xs_share_url after_content \t\tmain_content  wslu-style-1 wslu-share-box-shaped wslu-fill-colored wslu-none wslu-share-horizontal wslu-theme-font-no wslu-main_content\">\n\n\t\t\n        <ul>\n\t\t\t        <\/ul>\n    <\/div> \n","protected":false},"excerpt":{"rendered":"<p>Os conselheiros Presidente Domingos Dissei, vice-presidente Ricardo Torres, corregedor Roberto Braguim e Eduardo Tuma aprovaram na sess\u00e3o plen\u00e1ria do Tribunal de Contas do Munic\u00edpio de S\u00e3o Paulo (TCMSP) desta quarta-feira (02\/04), a proposta de emiss\u00e3o de alerta \u00e0 Secretaria Municipal das Subprefeituras (SMSUB) feita pelo conselheiro Jo\u00e3o Antonio da Silva Filho referente \u00e0 licita\u00e7\u00e3o dos servi\u00e7os de indivis\u00edveis de limpeza p\u00fablica \u2013 popularmente conhecidos como varri\u00e7\u00e3o \u2013 do munic\u00edpio de S\u00e3o Paulo.<\/p>\n","protected":false},"author":5,"featured_media":9932,"comment_status":"open","ping_status":"open","sticky":false,"template":"","format":"standard","meta":{"postBodyCss":"","postBodyMargin":[],"postBodyPadding":[],"postBodyBackground":{"backgroundType":"classic","gradient":""},"_price":"","_stock":"","_tribe_ticket_header":"","_tribe_default_ticket_provider":"","_tribe_ticket_capacity":"0","_ticket_start_date":"","_ticket_end_date":"","_tribe_ticket_show_description":"","_tribe_ticket_show_not_going":false,"_tribe_ticket_use_global_stock":"","_tribe_ticket_global_stock_level":"","_global_stock_mode":"","_global_stock_cap":"","_tribe_rsvp_for_event":"","_tribe_ticket_going_count":"","_tribe_ticket_not_going_count":"","_tribe_tickets_list":"[]","_tribe_ticket_has_attendee_info_fields":false,"footnotes":""},"categories":[46],"tags":[754,8161,138,7317,6925,8160,8159,8157,330,331,8158],"class_list":["post-9931","post","type-post","status-publish","format-standard","has-post-thumbnail","hentry","category-noticias","tag-alerta","tag-indivisiveis-de-limpeza-publica","tag-licitacao-2","tag-limpeza-publica","tag-municipio-de-sao-paulo","tag-secretaria-municipal-das-subprefeituras","tag-servicos-de-varricao","tag-smsub","tag-tcmsp","tag-tribunal-de-contas-do-municipio-de-sao-paulo","tag-varricao"],"acf":[],"_links":{"self":[{"href":"https:\/\/sgpsolucoes.com.br\/site\/wp-json\/wp\/v2\/posts\/9931"}],"collection":[{"href":"https:\/\/sgpsolucoes.com.br\/site\/wp-json\/wp\/v2\/posts"}],"about":[{"href":"https:\/\/sgpsolucoes.com.br\/site\/wp-json\/wp\/v2\/types\/post"}],"author":[{"embeddable":true,"href":"https:\/\/sgpsolucoes.com.br\/site\/wp-json\/wp\/v2\/users\/5"}],"replies":[{"embeddable":true,"href":"https:\/\/sgpsolucoes.com.br\/site\/wp-json\/wp\/v2\/comments?post=9931"}],"version-history":[{"count":0,"href":"https:\/\/sgpsolucoes.com.br\/site\/wp-json\/wp\/v2\/posts\/9931\/revisions"}],"wp:featuredmedia":[{"embeddable":true,"href":"https:\/\/sgpsolucoes.com.br\/site\/wp-json\/wp\/v2\/media\/9932"}],"wp:attachment":[{"href":"https:\/\/sgpsolucoes.com.br\/site\/wp-json\/wp\/v2\/media?parent=9931"}],"wp:term":[{"taxonomy":"category","embeddable":true,"href":"https:\/\/sgpsolucoes.com.br\/site\/wp-json\/wp\/v2\/categories?post=9931"},{"taxonomy":"post_tag","embeddable":true,"href":"https:\/\/sgpsolucoes.com.br\/site\/wp-json\/wp\/v2\/tags?post=9931"}],"curies":[{"name":"wp","href":"https:\/\/api.w.org\/{rel}","templated":true}]}}