{"id":9946,"date":"2025-04-02T19:18:21","date_gmt":"2025-04-02T22:18:21","guid":{"rendered":"https:\/\/sgpsolucoes.com.br\/site\/?p=9946"},"modified":"2025-04-02T19:18:23","modified_gmt":"2025-04-02T22:18:23","slug":"vice-presidente-do-tce-pr-participa-de-obra-que-homenageia-marcal-justen-filho","status":"publish","type":"post","link":"https:\/\/sgpsolucoes.com.br\/site\/vice-presidente-do-tce-pr-participa-de-obra-que-homenageia-marcal-justen-filho\/","title":{"rendered":"Vice-presidente do TCE-PR participa de obra que homenageia Mar\u00e7al Justen Filho"},"content":{"rendered":"<p>Na condi\u00e7\u00e3o de um dos coautores, o vice-presidente do Tribunal de Contas do Estado do Paran\u00e1 (TCE-PR), conselheiro Ivan Bonilha, participou, nesta ter\u00e7a-feira (1\u00ba de abril), do lan\u00e7amento do livro&nbsp;<em>Uma Vis\u00e3o Humanista do Direito &#8211; Volume 1<\/em>, na Livraria da Vila, em Curitiba.<\/p><p>A obra presta homenagem aos 70 anos de vida do professor Mar\u00e7al Justen Filho, um dos mais renomados juristas do Brasil, que esteve presente no local recebendo os convidados do evento.<\/p><p><strong>Temas<\/strong><\/p><p>Reunindo 174 artigos de especialistas em diversas \u00e1reas do Direito, o livro aborda temas como Direito Constitucional, Administrativo, Econ\u00f4mico, Empresarial e Tribut\u00e1rio. Com uma vis\u00e3o contempor\u00e2nea e plural, os textos discutem desafios e inova\u00e7\u00f5es no sistema jur\u00eddico brasileiro.<\/p><p>Em sua contribui\u00e7\u00e3o para a obra, o conselheiro Bonilha explora a import\u00e2ncia dos Tribunais de Contas no controle consensual sobre a administra\u00e7\u00e3o p\u00fablica.<\/p><p>O vice-presidente do TCE-PR destaca essa abordagem como uma tend\u00eancia para promover a efici\u00eancia e a legalidade nos atos administrativos por meio de uma atua\u00e7\u00e3o mais colaborativa com os gestores p\u00fablicos.<\/p><p><strong>Fonte:\u00a0TCE\/PR<\/strong><\/p>\n    <div class=\"xs_social_share_widget xs_share_url after_content \t\tmain_content  wslu-style-1 wslu-share-box-shaped wslu-fill-colored wslu-none wslu-share-horizontal wslu-theme-font-no wslu-main_content\">\n\n\t\t\n        <ul>\n\t\t\t        <\/ul>\n    <\/div> \n","protected":false},"excerpt":{"rendered":"<p>Na condi\u00e7\u00e3o de um dos coautores, o vice-presidente do Tribunal de Contas do Estado do Paran\u00e1 (TCE-PR), conselheiro Ivan Bonilha, participou, nesta ter\u00e7a-feira (1\u00ba de abril), do lan\u00e7amento do livro\u00a0Uma Vis\u00e3o Humanista do Direito &#8211; Volume 1, na Livraria da Vila, em Curitiba.<\/p>\n","protected":false},"author":5,"featured_media":9947,"comment_status":"open","ping_status":"open","sticky":false,"template":"","format":"standard","meta":{"postBodyCss":"","postBodyMargin":[],"postBodyPadding":[],"postBodyBackground":{"backgroundType":"classic","gradient":""},"_price":"","_stock":"","_tribe_ticket_header":"","_tribe_default_ticket_provider":"","_tribe_ticket_capacity":"0","_ticket_start_date":"","_ticket_end_date":"","_tribe_ticket_show_description":"","_tribe_ticket_show_not_going":false,"_tribe_ticket_use_global_stock":"","_tribe_ticket_global_stock_level":"","_global_stock_mode":"","_global_stock_cap":"","_tribe_rsvp_for_event":"","_tribe_ticket_going_count":"","_tribe_ticket_not_going_count":"","_tribe_tickets_list":"[]","_tribe_ticket_has_attendee_info_fields":false,"footnotes":""},"categories":[46],"tags":[5379,4877,439,8186,927,8188,8185,220,8187,356,8184,8183],"class_list":["post-9946","post","type-post","status-publish","format-standard","has-post-thumbnail","hentry","category-noticias","tag-70-anos","tag-curitiba","tag-homenagem","tag-ivan-bonilha","tag-jurista","tag-livraria-da-vila","tag-marcal-justen-filho","tag-obra","tag-professor-marcal-justen-filho","tag-tribunal-de-contas-do-estado-do-parana","tag-uma-visao-humanista-do-direito","tag-vice-presidente-do-tce-pr"],"acf":[],"_links":{"self":[{"href":"https:\/\/sgpsolucoes.com.br\/site\/wp-json\/wp\/v2\/posts\/9946"}],"collection":[{"href":"https:\/\/sgpsolucoes.com.br\/site\/wp-json\/wp\/v2\/posts"}],"about":[{"href":"https:\/\/sgpsolucoes.com.br\/site\/wp-json\/wp\/v2\/types\/post"}],"author":[{"embeddable":true,"href":"https:\/\/sgpsolucoes.com.br\/site\/wp-json\/wp\/v2\/users\/5"}],"replies":[{"embeddable":true,"href":"https:\/\/sgpsolucoes.com.br\/site\/wp-json\/wp\/v2\/comments?post=9946"}],"version-history":[{"count":0,"href":"https:\/\/sgpsolucoes.com.br\/site\/wp-json\/wp\/v2\/posts\/9946\/revisions"}],"wp:featuredmedia":[{"embeddable":true,"href":"https:\/\/sgpsolucoes.com.br\/site\/wp-json\/wp\/v2\/media\/9947"}],"wp:attachment":[{"href":"https:\/\/sgpsolucoes.com.br\/site\/wp-json\/wp\/v2\/media?parent=9946"}],"wp:term":[{"taxonomy":"category","embeddable":true,"href":"https:\/\/sgpsolucoes.com.br\/site\/wp-json\/wp\/v2\/categories?post=9946"},{"taxonomy":"post_tag","embeddable":true,"href":"https:\/\/sgpsolucoes.com.br\/site\/wp-json\/wp\/v2\/tags?post=9946"}],"curies":[{"name":"wp","href":"https:\/\/api.w.org\/{rel}","templated":true}]}}